{"id":6808,"date":"2017-01-28T11:39:47","date_gmt":"2017-01-28T11:39:47","guid":{"rendered":"http:\/\/staging.ibermusicas.org\/?p=6808"},"modified":"2021-06-12T11:42:07","modified_gmt":"2021-06-12T11:42:07","slug":"el-festival-de-musica-antigua-esteban-salas-de-cuba-invita-al-conjunto-mexicano-tembembe-ensamble-continuo-a-ser-parte-de-su-selecta-programacion","status":"publish","type":"post","link":"http:\/\/staging.ibermusicas.org\/index.php\/el-festival-de-musica-antigua-esteban-salas-de-cuba-invita-al-conjunto-mexicano-tembembe-ensamble-continuo-a-ser-parte-de-su-selecta-programacion\/","title":{"rendered":"El FESTIVAL DE M\u00daSICA ANTIGUA \u201cESTEBAN SALAS\u201d de Cuba invita al conjunto mexicano TEMBEMBE ENSAMBLE CONTINUO a ser parte de su selecta programaci\u00f3n"},"content":{"rendered":"<hr \/>\n<p><span data-sheets-value=\"{&quot;1&quot;:2,&quot;2&quot;:&quot;Del 4 al 12 de febrero en el Centro Hist\u00f3rico de La Habana Vieja se llevar\u00e1 a cabo la und\u00e9cima edici\u00f3n del Festival de M\u00fasica Antigua \u201cEsteban Salas\u201d organizado por el conjunto Ars Longa.\\r \\r &quot;}\" data-sheets-userformat=\"{&quot;2&quot;:513,&quot;3&quot;:{&quot;1&quot;:0},&quot;12&quot;:0}\">Del 4 al 12 de febrero en el Centro Hist\u00f3rico de La Habana Vieja se llevar\u00e1 a cabo la und\u00e9cima edici\u00f3n del Festival de M\u00fasica Antigua \u201cEsteban Salas\u201d organizado por el conjunto Ars Longa. <\/span><\/p>\n","protected":false},"excerpt":{"rendered":"<p>Del 4 al 12 de febrero en el Centro Hist\u00f3rico de La Habana Vieja se llevar\u00e1 a cabo la und\u00e9cima edici\u00f3n del Festival de M\u00fasica Antigua \u201cEsteban Salas\u201d organizado por el conjunto Ars Longa.<\/p>\n","protected":false},"author":1,"featured_media":6809,"comment_status":"closed","ping_status":"closed","sticky":false,"template":"","format":"standard","meta":{"footnotes":""},"categories":[53],"tags":[],"class_list":["post-6808","post","type-post","status-publish","format-standard","has-post-thumbnail","hentry","category-noticias-generales"],"lang":"es","translations":{"es":6808},"pll_sync_post":[],"post_mailing_queue_ids":[],"_links":{"self":[{"href":"http:\/\/staging.ibermusicas.org\/index.php\/wp-json\/wp\/v2\/posts\/6808","targetHints":{"allow":["GET"]}}],"collection":[{"href":"http:\/\/staging.ibermusicas.org\/index.php\/wp-json\/wp\/v2\/posts"}],"about":[{"href":"http:\/\/staging.ibermusicas.org\/index.php\/wp-json\/wp\/v2\/types\/post"}],"author":[{"embeddable":true,"href":"http:\/\/staging.ibermusicas.org\/index.php\/wp-json\/wp\/v2\/users\/1"}],"replies":[{"embeddable":true,"href":"http:\/\/staging.ibermusicas.org\/index.php\/wp-json\/wp\/v2\/comments?post=6808"}],"version-history":[{"count":1,"href":"http:\/\/staging.ibermusicas.org\/index.php\/wp-json\/wp\/v2\/posts\/6808\/revisions"}],"predecessor-version":[{"id":6810,"href":"http:\/\/staging.ibermusicas.org\/index.php\/wp-json\/wp\/v2\/posts\/6808\/revisions\/6810"}],"wp:featuredmedia":[{"embeddable":true,"href":"http:\/\/staging.ibermusicas.org\/index.php\/wp-json\/wp\/v2\/media\/6809"}],"wp:attachment":[{"href":"http:\/\/staging.ibermusicas.org\/index.php\/wp-json\/wp\/v2\/media?parent=6808"}],"wp:term":[{"taxonomy":"category","embeddable":true,"href":"http:\/\/staging.ibermusicas.org\/index.php\/wp-json\/wp\/v2\/categories?post=6808"},{"taxonomy":"post_tag","embeddable":true,"href":"http:\/\/staging.ibermusicas.org\/index.php\/wp-json\/wp\/v2\/tags?post=6808"}],"curies":[{"name":"wp","href":"https:\/\/api.w.org\/{rel}","templated":true}]}}