{"id":6811,"date":"2017-03-12T11:42:31","date_gmt":"2017-03-12T11:42:31","guid":{"rendered":"http:\/\/staging.ibermusicas.org\/?p=6811"},"modified":"2021-06-12T11:44:40","modified_gmt":"2021-06-12T11:44:40","slug":"ojo-de-buey-la-banda-de-reggae-originaria-de-costa-rica-emprende-su-primera-gira-por-mexico","status":"publish","type":"post","link":"http:\/\/staging.ibermusicas.org\/index.php\/ojo-de-buey-la-banda-de-reggae-originaria-de-costa-rica-emprende-su-primera-gira-por-mexico\/","title":{"rendered":"OJO DE BUEY, la banda de reggae originaria de Costa Rica emprende su primera gira por M\u00e9xico"},"content":{"rendered":"<p><span data-sheets-value=\"{&quot;1&quot;:2,&quot;2&quot;:&quot;Ojo de Buey es una banda de reggae latino de Costa Rica que se ha consolidado como una de las bandas de reggae m\u00e1s importantes en su pa\u00eds y de la regi\u00f3n.&quot;}\" data-sheets-userformat=\"{&quot;2&quot;:513,&quot;3&quot;:{&quot;1&quot;:0},&quot;12&quot;:0}\">Ojo de Buey es una banda de reggae latino de Costa Rica que se ha consolidado como una de las bandas de reggae m\u00e1s importantes en su pa\u00eds y de la regi\u00f3n.<\/span><\/p>\n","protected":false},"excerpt":{"rendered":"<p>Ojo de Buey es una banda de reggae latino de Costa Rica que se ha consolidado como una de las bandas de reggae m\u00e1s importantes en su pa\u00eds y de la regi\u00f3n.<\/p>\n","protected":false},"author":1,"featured_media":6812,"comment_status":"closed","ping_status":"closed","sticky":false,"template":"","format":"standard","meta":{"footnotes":""},"categories":[53],"tags":[],"class_list":["post-6811","post","type-post","status-publish","format-standard","has-post-thumbnail","hentry","category-noticias-generales"],"lang":"es","translations":{"es":6811},"pll_sync_post":[],"post_mailing_queue_ids":[],"_links":{"self":[{"href":"http:\/\/staging.ibermusicas.org\/index.php\/wp-json\/wp\/v2\/posts\/6811","targetHints":{"allow":["GET"]}}],"collection":[{"href":"http:\/\/staging.ibermusicas.org\/index.php\/wp-json\/wp\/v2\/posts"}],"about":[{"href":"http:\/\/staging.ibermusicas.org\/index.php\/wp-json\/wp\/v2\/types\/post"}],"author":[{"embeddable":true,"href":"http:\/\/staging.ibermusicas.org\/index.php\/wp-json\/wp\/v2\/users\/1"}],"replies":[{"embeddable":true,"href":"http:\/\/staging.ibermusicas.org\/index.php\/wp-json\/wp\/v2\/comments?post=6811"}],"version-history":[{"count":1,"href":"http:\/\/staging.ibermusicas.org\/index.php\/wp-json\/wp\/v2\/posts\/6811\/revisions"}],"predecessor-version":[{"id":6813,"href":"http:\/\/staging.ibermusicas.org\/index.php\/wp-json\/wp\/v2\/posts\/6811\/revisions\/6813"}],"wp:featuredmedia":[{"embeddable":true,"href":"http:\/\/staging.ibermusicas.org\/index.php\/wp-json\/wp\/v2\/media\/6812"}],"wp:attachment":[{"href":"http:\/\/staging.ibermusicas.org\/index.php\/wp-json\/wp\/v2\/media?parent=6811"}],"wp:term":[{"taxonomy":"category","embeddable":true,"href":"http:\/\/staging.ibermusicas.org\/index.php\/wp-json\/wp\/v2\/categories?post=6811"},{"taxonomy":"post_tag","embeddable":true,"href":"http:\/\/staging.ibermusicas.org\/index.php\/wp-json\/wp\/v2\/tags?post=6811"}],"curies":[{"name":"wp","href":"https:\/\/api.w.org\/{rel}","templated":true}]}}