{"id":6817,"date":"2017-02-20T11:46:51","date_gmt":"2017-02-20T11:46:51","guid":{"rendered":"http:\/\/staging.ibermusicas.org\/?p=6817"},"modified":"2021-06-12T11:48:37","modified_gmt":"2021-06-12T11:48:37","slug":"el-festival-rec-beat-del-carnaval-de-recife-brasil-tendra-su-edicion-numero-22","status":"publish","type":"post","link":"http:\/\/staging.ibermusicas.org\/index.php\/el-festival-rec-beat-del-carnaval-de-recife-brasil-tendra-su-edicion-numero-22\/","title":{"rendered":"El FESTIVAL REC BEAT del Carnaval de Recife, Brasil tendr\u00e1 su edici\u00f3n n\u00famero 22"},"content":{"rendered":"<p><span data-sheets-value=\"{&quot;1&quot;:2,&quot;2&quot;:&quot;Cada a\u00f1o el Festival Rec Beat propone grupos de rock, pop y electr\u00f3nica que comparten escenario con los estilos tradicionales de Recife como el frevo, el samba y el ax\u00e9. &quot;}\" data-sheets-userformat=\"{&quot;2&quot;:513,&quot;3&quot;:{&quot;1&quot;:0},&quot;12&quot;:0}\">Cada a\u00f1o el Festival Rec Beat propone grupos de rock, pop y electr\u00f3nica que comparten escenario con los estilos tradicionales de Recife como el frevo, el samba y el ax\u00e9. <\/span><\/p>\n","protected":false},"excerpt":{"rendered":"<p>Cada a\u00f1o el Festival Rec Beat propone grupos de rock, pop y electr\u00f3nica que comparten escenario con los estilos tradicionales de Recife como el frevo, el samba y el ax\u00e9.<\/p>\n","protected":false},"author":1,"featured_media":6818,"comment_status":"closed","ping_status":"closed","sticky":false,"template":"","format":"standard","meta":{"footnotes":""},"categories":[53],"tags":[],"class_list":["post-6817","post","type-post","status-publish","format-standard","has-post-thumbnail","hentry","category-noticias-generales"],"lang":"es","translations":{"es":6817},"pll_sync_post":[],"post_mailing_queue_ids":[],"_links":{"self":[{"href":"http:\/\/staging.ibermusicas.org\/index.php\/wp-json\/wp\/v2\/posts\/6817","targetHints":{"allow":["GET"]}}],"collection":[{"href":"http:\/\/staging.ibermusicas.org\/index.php\/wp-json\/wp\/v2\/posts"}],"about":[{"href":"http:\/\/staging.ibermusicas.org\/index.php\/wp-json\/wp\/v2\/types\/post"}],"author":[{"embeddable":true,"href":"http:\/\/staging.ibermusicas.org\/index.php\/wp-json\/wp\/v2\/users\/1"}],"replies":[{"embeddable":true,"href":"http:\/\/staging.ibermusicas.org\/index.php\/wp-json\/wp\/v2\/comments?post=6817"}],"version-history":[{"count":1,"href":"http:\/\/staging.ibermusicas.org\/index.php\/wp-json\/wp\/v2\/posts\/6817\/revisions"}],"predecessor-version":[{"id":6819,"href":"http:\/\/staging.ibermusicas.org\/index.php\/wp-json\/wp\/v2\/posts\/6817\/revisions\/6819"}],"wp:featuredmedia":[{"embeddable":true,"href":"http:\/\/staging.ibermusicas.org\/index.php\/wp-json\/wp\/v2\/media\/6818"}],"wp:attachment":[{"href":"http:\/\/staging.ibermusicas.org\/index.php\/wp-json\/wp\/v2\/media?parent=6817"}],"wp:term":[{"taxonomy":"category","embeddable":true,"href":"http:\/\/staging.ibermusicas.org\/index.php\/wp-json\/wp\/v2\/categories?post=6817"},{"taxonomy":"post_tag","embeddable":true,"href":"http:\/\/staging.ibermusicas.org\/index.php\/wp-json\/wp\/v2\/tags?post=6817"}],"curies":[{"name":"wp","href":"https:\/\/api.w.org\/{rel}","templated":true}]}}