{"id":6820,"date":"2017-04-12T11:48:45","date_gmt":"2017-04-12T11:48:45","guid":{"rendered":"http:\/\/staging.ibermusicas.org\/?p=6820"},"modified":"2021-06-12T11:50:14","modified_gmt":"2021-06-12T11:50:14","slug":"el-compositor-colombiano-tomas-diaz-villegas-inicia-su-residencia-artistica-con-el-maestro-leonardo-coral-en-mexico","status":"publish","type":"post","link":"http:\/\/staging.ibermusicas.org\/index.php\/el-compositor-colombiano-tomas-diaz-villegas-inicia-su-residencia-artistica-con-el-maestro-leonardo-coral-en-mexico\/","title":{"rendered":"El compositor colombiano TOM\u00c1S D\u00cdAZ VILLEGAS inicia su residencia art\u00edstica con el maestro Leonardo Coral en M\u00e9xico"},"content":{"rendered":"<p><span data-sheets-value=\"{&quot;1&quot;:2,&quot;2&quot;:&quot;El proyecto de Tom\u00e1s D\u00edaz Villegas consistir\u00e1 en componer una obra para ensamble mixto de c\u00e1mara (saxof\u00f3n, percusi\u00f3n, viol\u00edn, chelo y piano).\\r &quot;}\" data-sheets-userformat=\"{&quot;2&quot;:513,&quot;3&quot;:{&quot;1&quot;:0},&quot;12&quot;:0}\">El proyecto de Tom\u00e1s D\u00edaz Villegas consistir\u00e1 en componer una obra para ensamble mixto de c\u00e1mara (saxof\u00f3n, percusi\u00f3n, viol\u00edn, chelo y piano). <\/span><\/p>\n","protected":false},"excerpt":{"rendered":"<p>El proyecto de Tom\u00e1s D\u00edaz Villegas consistir\u00e1 en componer una obra para ensamble mixto de c\u00e1mara (saxof\u00f3n, percusi\u00f3n, viol\u00edn, chelo y piano).<\/p>\n","protected":false},"author":1,"featured_media":6821,"comment_status":"closed","ping_status":"closed","sticky":false,"template":"","format":"standard","meta":{"footnotes":""},"categories":[53],"tags":[],"class_list":["post-6820","post","type-post","status-publish","format-standard","has-post-thumbnail","hentry","category-noticias-generales"],"lang":"es","translations":{"es":6820},"pll_sync_post":[],"post_mailing_queue_ids":[],"_links":{"self":[{"href":"http:\/\/staging.ibermusicas.org\/index.php\/wp-json\/wp\/v2\/posts\/6820","targetHints":{"allow":["GET"]}}],"collection":[{"href":"http:\/\/staging.ibermusicas.org\/index.php\/wp-json\/wp\/v2\/posts"}],"about":[{"href":"http:\/\/staging.ibermusicas.org\/index.php\/wp-json\/wp\/v2\/types\/post"}],"author":[{"embeddable":true,"href":"http:\/\/staging.ibermusicas.org\/index.php\/wp-json\/wp\/v2\/users\/1"}],"replies":[{"embeddable":true,"href":"http:\/\/staging.ibermusicas.org\/index.php\/wp-json\/wp\/v2\/comments?post=6820"}],"version-history":[{"count":1,"href":"http:\/\/staging.ibermusicas.org\/index.php\/wp-json\/wp\/v2\/posts\/6820\/revisions"}],"predecessor-version":[{"id":6822,"href":"http:\/\/staging.ibermusicas.org\/index.php\/wp-json\/wp\/v2\/posts\/6820\/revisions\/6822"}],"wp:featuredmedia":[{"embeddable":true,"href":"http:\/\/staging.ibermusicas.org\/index.php\/wp-json\/wp\/v2\/media\/6821"}],"wp:attachment":[{"href":"http:\/\/staging.ibermusicas.org\/index.php\/wp-json\/wp\/v2\/media?parent=6820"}],"wp:term":[{"taxonomy":"category","embeddable":true,"href":"http:\/\/staging.ibermusicas.org\/index.php\/wp-json\/wp\/v2\/categories?post=6820"},{"taxonomy":"post_tag","embeddable":true,"href":"http:\/\/staging.ibermusicas.org\/index.php\/wp-json\/wp\/v2\/tags?post=6820"}],"curies":[{"name":"wp","href":"https:\/\/api.w.org\/{rel}","templated":true}]}}