{"id":6823,"date":"2017-01-24T11:50:24","date_gmt":"2017-01-24T11:50:24","guid":{"rendered":"http:\/\/staging.ibermusicas.org\/?p=6823"},"modified":"2021-06-12T11:53:13","modified_gmt":"2021-06-12T11:53:13","slug":"el-2do-festival-internacional-de-guitarra-flamenca-y-fusion-de-peru-recibe-en-su-programacion-al-maestro-chileno-fernando-lavin","status":"publish","type":"post","link":"http:\/\/staging.ibermusicas.org\/index.php\/el-2do-festival-internacional-de-guitarra-flamenca-y-fusion-de-peru-recibe-en-su-programacion-al-maestro-chileno-fernando-lavin\/","title":{"rendered":"El 2do FESTIVAL INTERNACIONAL DE GUITARRA FLAMENCA Y FUSI\u00d3N de Per\u00fa recibe en su programaci\u00f3n al maestro chileno FERNANDO LAV\u00cdN"},"content":{"rendered":"<p><span data-sheets-value=\"{&quot;1&quot;:2,&quot;2&quot;:&quot;En su segunda edici\u00f3n el Festival Internacional de Guitarra Flamenca y Fusi\u00f3n de Per\u00fa contar\u00e1 con la presencia en su programaci\u00f3n de grandes instrumentistas dedicados a la guitarra flamenca; de Ecuador: Carlos Falconi , de Chile: Fernando Lav\u00edn y de Per\u00fa: Adolfo Cancho, Daniel Raiser, Ernesto Hermoza, Mois\u00e9s Oblitas, Riber Or\u00e9 y V\u00edctor Mel\u00e9ndez.\\r \\r &quot;}\" data-sheets-userformat=\"{&quot;2&quot;:513,&quot;3&quot;:{&quot;1&quot;:0},&quot;12&quot;:0}\">En su segunda edici\u00f3n el Festival Internacional de Guitarra Flamenca y Fusi\u00f3n de Per\u00fa contar\u00e1 con la presencia en su programaci\u00f3n de grandes instrumentistas dedicados a la guitarra flamenca; de Ecuador: Carlos Falconi , de Chile: Fernando Lav\u00edn y de Per\u00fa: Adolfo Cancho, Daniel Raiser, Ernesto Hermoza, Mois\u00e9s Oblitas, Riber Or\u00e9 y V\u00edctor Mel\u00e9ndez. <\/span><\/p>\n","protected":false},"excerpt":{"rendered":"<p>En su segunda edici\u00f3n el Festival Internacional de Guitarra Flamenca y Fusi\u00f3n de Per\u00fa contar\u00e1 con la presencia en su programaci\u00f3n de grandes instrumentistas dedicados a la guitarra flamenca; de Ecuador: Carlos Falconi , de Chile: Fernando Lav\u00edn y de Per\u00fa: Adolfo Cancho, Daniel Raiser, Ernesto Hermoza, Mois\u00e9s Oblitas, Riber Or\u00e9 y V\u00edctor Mel\u00e9ndez.<\/p>\n","protected":false},"author":1,"featured_media":6824,"comment_status":"closed","ping_status":"closed","sticky":false,"template":"","format":"standard","meta":{"footnotes":""},"categories":[53],"tags":[],"class_list":["post-6823","post","type-post","status-publish","format-standard","has-post-thumbnail","hentry","category-noticias-generales"],"lang":"es","translations":{"es":6823},"pll_sync_post":[],"post_mailing_queue_ids":[],"_links":{"self":[{"href":"http:\/\/staging.ibermusicas.org\/index.php\/wp-json\/wp\/v2\/posts\/6823","targetHints":{"allow":["GET"]}}],"collection":[{"href":"http:\/\/staging.ibermusicas.org\/index.php\/wp-json\/wp\/v2\/posts"}],"about":[{"href":"http:\/\/staging.ibermusicas.org\/index.php\/wp-json\/wp\/v2\/types\/post"}],"author":[{"embeddable":true,"href":"http:\/\/staging.ibermusicas.org\/index.php\/wp-json\/wp\/v2\/users\/1"}],"replies":[{"embeddable":true,"href":"http:\/\/staging.ibermusicas.org\/index.php\/wp-json\/wp\/v2\/comments?post=6823"}],"version-history":[{"count":1,"href":"http:\/\/staging.ibermusicas.org\/index.php\/wp-json\/wp\/v2\/posts\/6823\/revisions"}],"predecessor-version":[{"id":6825,"href":"http:\/\/staging.ibermusicas.org\/index.php\/wp-json\/wp\/v2\/posts\/6823\/revisions\/6825"}],"wp:featuredmedia":[{"embeddable":true,"href":"http:\/\/staging.ibermusicas.org\/index.php\/wp-json\/wp\/v2\/media\/6824"}],"wp:attachment":[{"href":"http:\/\/staging.ibermusicas.org\/index.php\/wp-json\/wp\/v2\/media?parent=6823"}],"wp:term":[{"taxonomy":"category","embeddable":true,"href":"http:\/\/staging.ibermusicas.org\/index.php\/wp-json\/wp\/v2\/categories?post=6823"},{"taxonomy":"post_tag","embeddable":true,"href":"http:\/\/staging.ibermusicas.org\/index.php\/wp-json\/wp\/v2\/tags?post=6823"}],"curies":[{"name":"wp","href":"https:\/\/api.w.org\/{rel}","templated":true}]}}