{"id":6826,"date":"2017-03-05T11:53:20","date_gmt":"2017-03-05T11:53:20","guid":{"rendered":"http:\/\/staging.ibermusicas.org\/?p=6826"},"modified":"2021-06-12T11:55:05","modified_gmt":"2021-06-12T11:55:05","slug":"terra-una-de-brasil-lanza-su-convocatoria-2017-destinada-a-compositores-de-los-once-paises-de-ibermusicas","status":"publish","type":"post","link":"http:\/\/staging.ibermusicas.org\/index.php\/terra-una-de-brasil-lanza-su-convocatoria-2017-destinada-a-compositores-de-los-once-paises-de-ibermusicas\/","title":{"rendered":"TERRA UNA de Brasil, lanza su convocatoria 2017 destinada a compositores de los once pa\u00edses de Iberm\u00fasicas"},"content":{"rendered":"<p><span data-sheets-value=\"{&quot;1&quot;:2,&quot;2&quot;:&quot;La Ecoaldea Terra UNA, ubicada en el municipio de Liberdade, Minas Gerais lanza el premio Terra UNA de M\u00fasica \u2013 Edici\u00f3n IBERM\u00daSICAS ofreciendo una vivencia colectiva de tres semanas en la Ecoaldea con un total de 80 horas de acceso al estudio de grabaci\u00f3n Gayatri para la creaci\u00f3n y producci\u00f3n musical autoral junto con el acceso a las instalaciones de la Ecoaldea, talleres, \u00e1rea de convivencia colectiva, 43 hect\u00e1reas de territorio (de las cuales 18 son de bosque nativo) y seis cascadas.&quot;}\" data-sheets-userformat=\"{&quot;2&quot;:513,&quot;3&quot;:{&quot;1&quot;:0},&quot;12&quot;:0}\">La Ecoaldea Terra UNA, ubicada en el municipio de Liberdade, Minas Gerais lanza el premio Terra UNA de M\u00fasica \u2013 Edici\u00f3n IBERM\u00daSICAS ofreciendo una vivencia colectiva de tres semanas en la Ecoaldea con un total de 80 horas de acceso al estudio de grabaci\u00f3n Gayatri para la creaci\u00f3n y producci\u00f3n musical autoral junto con el acceso a las instalaciones de la Ecoaldea, talleres, \u00e1rea de convivencia colectiva, 43 hect\u00e1reas de territorio (de las cuales 18 son de bosque nativo) y seis cascadas.<\/span><\/p>\n","protected":false},"excerpt":{"rendered":"<p>La Ecoaldea Terra UNA, ubicada en el municipio de Liberdade, Minas Gerais lanza el premio Terra UNA de M\u00fasica \u2013 Edici\u00f3n IBERM\u00daSICAS ofreciendo una vivencia colectiva de tres semanas en la Ecoaldea con un total de 80 horas de acceso al estudio de grabaci\u00f3n Gayatri para la creaci\u00f3n y producci\u00f3n musical autoral junto con el [&hellip;]<\/p>\n","protected":false},"author":1,"featured_media":6827,"comment_status":"closed","ping_status":"closed","sticky":false,"template":"","format":"standard","meta":{"footnotes":""},"categories":[53],"tags":[],"class_list":["post-6826","post","type-post","status-publish","format-standard","has-post-thumbnail","hentry","category-noticias-generales"],"lang":"es","translations":{"es":6826},"pll_sync_post":[],"post_mailing_queue_ids":[],"_links":{"self":[{"href":"http:\/\/staging.ibermusicas.org\/index.php\/wp-json\/wp\/v2\/posts\/6826","targetHints":{"allow":["GET"]}}],"collection":[{"href":"http:\/\/staging.ibermusicas.org\/index.php\/wp-json\/wp\/v2\/posts"}],"about":[{"href":"http:\/\/staging.ibermusicas.org\/index.php\/wp-json\/wp\/v2\/types\/post"}],"author":[{"embeddable":true,"href":"http:\/\/staging.ibermusicas.org\/index.php\/wp-json\/wp\/v2\/users\/1"}],"replies":[{"embeddable":true,"href":"http:\/\/staging.ibermusicas.org\/index.php\/wp-json\/wp\/v2\/comments?post=6826"}],"version-history":[{"count":1,"href":"http:\/\/staging.ibermusicas.org\/index.php\/wp-json\/wp\/v2\/posts\/6826\/revisions"}],"predecessor-version":[{"id":6828,"href":"http:\/\/staging.ibermusicas.org\/index.php\/wp-json\/wp\/v2\/posts\/6826\/revisions\/6828"}],"wp:featuredmedia":[{"embeddable":true,"href":"http:\/\/staging.ibermusicas.org\/index.php\/wp-json\/wp\/v2\/media\/6827"}],"wp:attachment":[{"href":"http:\/\/staging.ibermusicas.org\/index.php\/wp-json\/wp\/v2\/media?parent=6826"}],"wp:term":[{"taxonomy":"category","embeddable":true,"href":"http:\/\/staging.ibermusicas.org\/index.php\/wp-json\/wp\/v2\/categories?post=6826"},{"taxonomy":"post_tag","embeddable":true,"href":"http:\/\/staging.ibermusicas.org\/index.php\/wp-json\/wp\/v2\/tags?post=6826"}],"curies":[{"name":"wp","href":"https:\/\/api.w.org\/{rel}","templated":true}]}}