{"id":6829,"date":"2017-02-01T11:55:11","date_gmt":"2017-02-01T11:55:11","guid":{"rendered":"http:\/\/staging.ibermusicas.org\/?p=6829"},"modified":"2021-06-12T11:58:16","modified_gmt":"2021-06-12T11:58:16","slug":"la-octava-edicion-del-festival-musica-en-la-ventana-de-argentina-recibira-al-gran-maestro-mexicano-martin-madrigal","status":"publish","type":"post","link":"http:\/\/staging.ibermusicas.org\/index.php\/la-octava-edicion-del-festival-musica-en-la-ventana-de-argentina-recibira-al-gran-maestro-mexicano-martin-madrigal\/","title":{"rendered":"La octava edici\u00f3n del FESTIVAL M\u00daSICA EN LA VENTANA de Argentina recibir\u00e1 al gran maestro mexicano MART\u00cdN MADRIGAL"},"content":{"rendered":"<p><span data-sheets-value=\"{&quot;1&quot;:2,&quot;2&quot;:&quot;El FESTIVAL M\u00daSICA EN LA VENTANA y el SEMINARIO INTERNACIONAL DE GUITARRA se desarrollar\u00e1n del 17 al 18 en Villa Ventana, Saldungaray y Sierra de la Ventana, localidades hermanas en el suroeste de la provincia de Buenos Aires, Argentina.\\r &quot;}\" data-sheets-userformat=\"{&quot;2&quot;:513,&quot;3&quot;:{&quot;1&quot;:0},&quot;12&quot;:0}\">El FESTIVAL M\u00daSICA EN LA VENTANA y el SEMINARIO INTERNACIONAL DE GUITARRA se desarrollar\u00e1n del 17 al 18 en Villa Ventana, Saldungaray y Sierra de la Ventana, localidades hermanas en el suroeste de la provincia de Buenos Aires, Argentina. <\/span><\/p>\n","protected":false},"excerpt":{"rendered":"<p>El FESTIVAL M\u00daSICA EN LA VENTANA y el SEMINARIO INTERNACIONAL DE GUITARRA se desarrollar\u00e1n del 17 al 18 en Villa Ventana, Saldungaray y Sierra de la Ventana, localidades hermanas en el suroeste de la provincia de Buenos Aires, Argentina.<\/p>\n","protected":false},"author":1,"featured_media":6830,"comment_status":"closed","ping_status":"closed","sticky":false,"template":"","format":"standard","meta":{"footnotes":""},"categories":[53],"tags":[],"class_list":["post-6829","post","type-post","status-publish","format-standard","has-post-thumbnail","hentry","category-noticias-generales"],"lang":"es","translations":{"es":6829},"pll_sync_post":[],"post_mailing_queue_ids":[],"_links":{"self":[{"href":"http:\/\/staging.ibermusicas.org\/index.php\/wp-json\/wp\/v2\/posts\/6829","targetHints":{"allow":["GET"]}}],"collection":[{"href":"http:\/\/staging.ibermusicas.org\/index.php\/wp-json\/wp\/v2\/posts"}],"about":[{"href":"http:\/\/staging.ibermusicas.org\/index.php\/wp-json\/wp\/v2\/types\/post"}],"author":[{"embeddable":true,"href":"http:\/\/staging.ibermusicas.org\/index.php\/wp-json\/wp\/v2\/users\/1"}],"replies":[{"embeddable":true,"href":"http:\/\/staging.ibermusicas.org\/index.php\/wp-json\/wp\/v2\/comments?post=6829"}],"version-history":[{"count":1,"href":"http:\/\/staging.ibermusicas.org\/index.php\/wp-json\/wp\/v2\/posts\/6829\/revisions"}],"predecessor-version":[{"id":6831,"href":"http:\/\/staging.ibermusicas.org\/index.php\/wp-json\/wp\/v2\/posts\/6829\/revisions\/6831"}],"wp:featuredmedia":[{"embeddable":true,"href":"http:\/\/staging.ibermusicas.org\/index.php\/wp-json\/wp\/v2\/media\/6830"}],"wp:attachment":[{"href":"http:\/\/staging.ibermusicas.org\/index.php\/wp-json\/wp\/v2\/media?parent=6829"}],"wp:term":[{"taxonomy":"category","embeddable":true,"href":"http:\/\/staging.ibermusicas.org\/index.php\/wp-json\/wp\/v2\/categories?post=6829"},{"taxonomy":"post_tag","embeddable":true,"href":"http:\/\/staging.ibermusicas.org\/index.php\/wp-json\/wp\/v2\/tags?post=6829"}],"curies":[{"name":"wp","href":"https:\/\/api.w.org\/{rel}","templated":true}]}}