{"id":6832,"date":"2017-03-03T11:58:30","date_gmt":"2017-03-03T11:58:30","guid":{"rendered":"http:\/\/staging.ibermusicas.org\/?p=6832"},"modified":"2021-06-12T12:01:50","modified_gmt":"2021-06-12T12:01:50","slug":"lucia-merico-la-cantautora-argentina-residente-en-uruguay-viajara-junto-al-musico-eduardo-mauris-a-la-6ta-edicion-del-festival-brasileiro-de-musica-de-rua","status":"publish","type":"post","link":"http:\/\/staging.ibermusicas.org\/index.php\/lucia-merico-la-cantautora-argentina-residente-en-uruguay-viajara-junto-al-musico-eduardo-mauris-a-la-6ta-edicion-del-festival-brasileiro-de-musica-de-rua\/","title":{"rendered":"Luc\u00eda Merico, la cantautora argentina residente en Uruguay viajar\u00e1 junto al m\u00fasico Eduardo Mauris a la 6ta edici\u00f3n del Festival Brasileiro de M\u00fasica de Rua"},"content":{"rendered":"<p><span data-sheets-value=\"{&quot;1&quot;:2,&quot;2&quot;:&quot;Luc\u00eda Merico, la cantautora argentina residente en Uruguay viajar\u00e1 junto al m\u00fasico Eduardo Mauris a la 6ta edici\u00f3n del Festival Brasileiro de M\u00fasica de Rua&quot;}\" data-sheets-userformat=\"{&quot;2&quot;:513,&quot;3&quot;:{&quot;1&quot;:0},&quot;12&quot;:0}\">Luc\u00eda Merico, la cantautora argentina residente en Uruguay viajar\u00e1 junto al m\u00fasico Eduardo Mauris a la 6ta edici\u00f3n del Festival Brasileiro de M\u00fasica de Rua<\/span><\/p>\n","protected":false},"excerpt":{"rendered":"<p>Luc\u00eda Merico, la cantautora argentina residente en Uruguay viajar\u00e1 junto al m\u00fasico Eduardo Mauris a la 6ta edici\u00f3n del Festival Brasileiro de M\u00fasica de Rua<\/p>\n","protected":false},"author":1,"featured_media":6833,"comment_status":"closed","ping_status":"closed","sticky":false,"template":"","format":"standard","meta":{"footnotes":""},"categories":[53],"tags":[],"class_list":["post-6832","post","type-post","status-publish","format-standard","has-post-thumbnail","hentry","category-noticias-generales"],"lang":"es","translations":{"es":6832},"pll_sync_post":[],"post_mailing_queue_ids":[],"_links":{"self":[{"href":"http:\/\/staging.ibermusicas.org\/index.php\/wp-json\/wp\/v2\/posts\/6832","targetHints":{"allow":["GET"]}}],"collection":[{"href":"http:\/\/staging.ibermusicas.org\/index.php\/wp-json\/wp\/v2\/posts"}],"about":[{"href":"http:\/\/staging.ibermusicas.org\/index.php\/wp-json\/wp\/v2\/types\/post"}],"author":[{"embeddable":true,"href":"http:\/\/staging.ibermusicas.org\/index.php\/wp-json\/wp\/v2\/users\/1"}],"replies":[{"embeddable":true,"href":"http:\/\/staging.ibermusicas.org\/index.php\/wp-json\/wp\/v2\/comments?post=6832"}],"version-history":[{"count":1,"href":"http:\/\/staging.ibermusicas.org\/index.php\/wp-json\/wp\/v2\/posts\/6832\/revisions"}],"predecessor-version":[{"id":6834,"href":"http:\/\/staging.ibermusicas.org\/index.php\/wp-json\/wp\/v2\/posts\/6832\/revisions\/6834"}],"wp:featuredmedia":[{"embeddable":true,"href":"http:\/\/staging.ibermusicas.org\/index.php\/wp-json\/wp\/v2\/media\/6833"}],"wp:attachment":[{"href":"http:\/\/staging.ibermusicas.org\/index.php\/wp-json\/wp\/v2\/media?parent=6832"}],"wp:term":[{"taxonomy":"category","embeddable":true,"href":"http:\/\/staging.ibermusicas.org\/index.php\/wp-json\/wp\/v2\/categories?post=6832"},{"taxonomy":"post_tag","embeddable":true,"href":"http:\/\/staging.ibermusicas.org\/index.php\/wp-json\/wp\/v2\/tags?post=6832"}],"curies":[{"name":"wp","href":"https:\/\/api.w.org\/{rel}","templated":true}]}}