{"id":6835,"date":"2017-03-10T12:02:09","date_gmt":"2017-03-10T12:02:09","guid":{"rendered":"http:\/\/staging.ibermusicas.org\/?p=6835"},"modified":"2021-06-12T12:03:52","modified_gmt":"2021-06-12T12:03:52","slug":"el-3er-festival-internacional-de-musica-de-alturas-fima-de-peru-recibira-en-su-programacion-a-los-artistas-colombianos-del-dueto-nocturnal","status":"publish","type":"post","link":"http:\/\/staging.ibermusicas.org\/index.php\/el-3er-festival-internacional-de-musica-de-alturas-fima-de-peru-recibira-en-su-programacion-a-los-artistas-colombianos-del-dueto-nocturnal\/","title":{"rendered":"El 3er Festival Internacional de M\u00fasica de Alturas (FIMA) de Per\u00fa recibir\u00e1 en su programaci\u00f3n a los artistas colombianos del Dueto Nocturnal"},"content":{"rendered":"<p><del><span data-sheets-value=\"{&quot;1&quot;:2,&quot;2&quot;:&quot;La m\u00fasica de alturas, casi tan vieja como las monta\u00f1as mismas, es el lenguaje que comparten los distintos pueblos del mundo altipl\u00e1nico, desde el himalaya asi\u00e1tico hasta los andes sudamericanos, pasando por los alpes, los pirineos europeos y el Atlas africano. &quot;}\" data-sheets-userformat=\"{&quot;2&quot;:513,&quot;3&quot;:{&quot;1&quot;:0},&quot;12&quot;:0}\">La m\u00fasica de alturas, casi tan vieja como las monta\u00f1as mismas, es el lenguaje que comparten los distintos pueblos del mundo altipl\u00e1nico, desde el himalaya asi\u00e1tico hasta los andes sudamericanos, pasando por los alpes, los pirineos europeos y el Atlas africano. <\/span><\/del><\/p>\n","protected":false},"excerpt":{"rendered":"<p>La m\u00fasica de alturas, casi tan vieja como las monta\u00f1as mismas, es el lenguaje que comparten los distintos pueblos del mundo altipl\u00e1nico, desde el himalaya asi\u00e1tico hasta los andes sudamericanos, pasando por los alpes, los pirineos europeos y el Atlas africano.<\/p>\n","protected":false},"author":1,"featured_media":6836,"comment_status":"closed","ping_status":"closed","sticky":false,"template":"","format":"standard","meta":{"footnotes":""},"categories":[53],"tags":[],"class_list":["post-6835","post","type-post","status-publish","format-standard","has-post-thumbnail","hentry","category-noticias-generales"],"lang":"es","translations":{"es":6835},"pll_sync_post":[],"post_mailing_queue_ids":[],"_links":{"self":[{"href":"http:\/\/staging.ibermusicas.org\/index.php\/wp-json\/wp\/v2\/posts\/6835","targetHints":{"allow":["GET"]}}],"collection":[{"href":"http:\/\/staging.ibermusicas.org\/index.php\/wp-json\/wp\/v2\/posts"}],"about":[{"href":"http:\/\/staging.ibermusicas.org\/index.php\/wp-json\/wp\/v2\/types\/post"}],"author":[{"embeddable":true,"href":"http:\/\/staging.ibermusicas.org\/index.php\/wp-json\/wp\/v2\/users\/1"}],"replies":[{"embeddable":true,"href":"http:\/\/staging.ibermusicas.org\/index.php\/wp-json\/wp\/v2\/comments?post=6835"}],"version-history":[{"count":2,"href":"http:\/\/staging.ibermusicas.org\/index.php\/wp-json\/wp\/v2\/posts\/6835\/revisions"}],"predecessor-version":[{"id":6838,"href":"http:\/\/staging.ibermusicas.org\/index.php\/wp-json\/wp\/v2\/posts\/6835\/revisions\/6838"}],"wp:featuredmedia":[{"embeddable":true,"href":"http:\/\/staging.ibermusicas.org\/index.php\/wp-json\/wp\/v2\/media\/6836"}],"wp:attachment":[{"href":"http:\/\/staging.ibermusicas.org\/index.php\/wp-json\/wp\/v2\/media?parent=6835"}],"wp:term":[{"taxonomy":"category","embeddable":true,"href":"http:\/\/staging.ibermusicas.org\/index.php\/wp-json\/wp\/v2\/categories?post=6835"},{"taxonomy":"post_tag","embeddable":true,"href":"http:\/\/staging.ibermusicas.org\/index.php\/wp-json\/wp\/v2\/tags?post=6835"}],"curies":[{"name":"wp","href":"https:\/\/api.w.org\/{rel}","templated":true}]}}