{"id":6842,"date":"2017-03-06T12:05:58","date_gmt":"2017-03-06T12:05:58","guid":{"rendered":"http:\/\/staging.ibermusicas.org\/?p=6842"},"modified":"2021-06-12T12:08:04","modified_gmt":"2021-06-12T12:08:04","slug":"un-gran-numero-de-artistas-latinoamericanos-de-la-musica-electronica-actual-se-daran-cita-en-chile-para-la-cuarta-edicion-del-festival-bosque-libre","status":"publish","type":"post","link":"http:\/\/staging.ibermusicas.org\/index.php\/un-gran-numero-de-artistas-latinoamericanos-de-la-musica-electronica-actual-se-daran-cita-en-chile-para-la-cuarta-edicion-del-festival-bosque-libre\/","title":{"rendered":"Un gran n\u00famero de artistas latinoamericanos de la m\u00fasica electr\u00f3nica actual se dar\u00e1n cita en chile para la cuarta edici\u00f3n del Festival Bosque Libre"},"content":{"rendered":"<p><span data-sheets-value=\"{&quot;1&quot;:2,&quot;2&quot;:&quot;Bosque Libre es un Festival Latinoamericano enfocado en la m\u00fasica electr\u00f3nica. La cuarta edici\u00f3n del Festival se llevar\u00e1 a cabo en el Caj\u00f3n del Maipo que ser\u00e1 el punto de encuentro, donde el aire libre y la naturaleza dar\u00e1n un espacio \u00eddilico para una experiencia inolvidable junto a 28 exponentes de la m\u00fasica electr\u00f3nica actual.\\r \\r &quot;}\" data-sheets-userformat=\"{&quot;2&quot;:513,&quot;3&quot;:{&quot;1&quot;:0},&quot;12&quot;:0}\">Bosque Libre es un Festival Latinoamericano enfocado en la m\u00fasica electr\u00f3nica. La cuarta edici\u00f3n del Festival se llevar\u00e1 a cabo en el Caj\u00f3n del Maipo que ser\u00e1 el punto de encuentro, donde el aire libre y la naturaleza dar\u00e1n un espacio \u00eddilico para una experiencia inolvidable junto a 28 exponentes de la m\u00fasica electr\u00f3nica actual. <\/span><\/p>\n","protected":false},"excerpt":{"rendered":"<p>Bosque Libre es un Festival Latinoamericano enfocado en la m\u00fasica electr\u00f3nica. La cuarta edici\u00f3n del Festival se llevar\u00e1 a cabo en el Caj\u00f3n del Maipo que ser\u00e1 el punto de encuentro, donde el aire libre y la naturaleza dar\u00e1n un espacio \u00eddilico para una experiencia inolvidable junto a 28 exponentes de la m\u00fasica electr\u00f3nica actual.<\/p>\n","protected":false},"author":1,"featured_media":6843,"comment_status":"closed","ping_status":"closed","sticky":false,"template":"","format":"standard","meta":{"footnotes":""},"categories":[53],"tags":[],"class_list":["post-6842","post","type-post","status-publish","format-standard","has-post-thumbnail","hentry","category-noticias-generales"],"lang":"es","translations":{"es":6842},"pll_sync_post":[],"post_mailing_queue_ids":[],"_links":{"self":[{"href":"http:\/\/staging.ibermusicas.org\/index.php\/wp-json\/wp\/v2\/posts\/6842","targetHints":{"allow":["GET"]}}],"collection":[{"href":"http:\/\/staging.ibermusicas.org\/index.php\/wp-json\/wp\/v2\/posts"}],"about":[{"href":"http:\/\/staging.ibermusicas.org\/index.php\/wp-json\/wp\/v2\/types\/post"}],"author":[{"embeddable":true,"href":"http:\/\/staging.ibermusicas.org\/index.php\/wp-json\/wp\/v2\/users\/1"}],"replies":[{"embeddable":true,"href":"http:\/\/staging.ibermusicas.org\/index.php\/wp-json\/wp\/v2\/comments?post=6842"}],"version-history":[{"count":1,"href":"http:\/\/staging.ibermusicas.org\/index.php\/wp-json\/wp\/v2\/posts\/6842\/revisions"}],"predecessor-version":[{"id":6844,"href":"http:\/\/staging.ibermusicas.org\/index.php\/wp-json\/wp\/v2\/posts\/6842\/revisions\/6844"}],"wp:featuredmedia":[{"embeddable":true,"href":"http:\/\/staging.ibermusicas.org\/index.php\/wp-json\/wp\/v2\/media\/6843"}],"wp:attachment":[{"href":"http:\/\/staging.ibermusicas.org\/index.php\/wp-json\/wp\/v2\/media?parent=6842"}],"wp:term":[{"taxonomy":"category","embeddable":true,"href":"http:\/\/staging.ibermusicas.org\/index.php\/wp-json\/wp\/v2\/categories?post=6842"},{"taxonomy":"post_tag","embeddable":true,"href":"http:\/\/staging.ibermusicas.org\/index.php\/wp-json\/wp\/v2\/tags?post=6842"}],"curies":[{"name":"wp","href":"https:\/\/api.w.org\/{rel}","templated":true}]}}