{"id":6845,"date":"2017-04-05T12:08:17","date_gmt":"2017-04-05T12:08:17","guid":{"rendered":"http:\/\/staging.ibermusicas.org\/?p=6845"},"modified":"2021-06-12T12:09:28","modified_gmt":"2021-06-12T12:09:28","slug":"el-cantante-y-compositor-uruguayo-tabare-leyton-inicia-su-residencia-compositiva-en-la-academia-nacional-del-tango-de-la-republica-argentina","status":"publish","type":"post","link":"http:\/\/staging.ibermusicas.org\/index.php\/el-cantante-y-compositor-uruguayo-tabare-leyton-inicia-su-residencia-compositiva-en-la-academia-nacional-del-tango-de-la-republica-argentina\/","title":{"rendered":"El cantante y compositor uruguayo Tabar\u00e9 Leyton inicia su residencia compositiva en la Academia Nacional del Tango de la Rep\u00fablica Argentina"},"content":{"rendered":"<p><span data-sheets-value=\"{&quot;1&quot;:2,&quot;2&quot;:&quot;Dispuesto a llevar adelante un ambicioso trabajo sobre \u201cLas voces del tango y su v\u00ednculo t\u00edmbrico con los contempor\u00e1neos extranjeros afro descendientes\u201d, Tabar\u00e9 Leyton iniciar\u00e1 un proceso de investigaci\u00f3n en Buenos Aires que se desarrollar\u00e1 desde marzo a diciembre en la Academia Nacional del Tango. &quot;}\" data-sheets-userformat=\"{&quot;2&quot;:515,&quot;3&quot;:{&quot;1&quot;:0},&quot;4&quot;:{&quot;1&quot;:2,&quot;2&quot;:13822754},&quot;12&quot;:0}\">Dispuesto a llevar adelante un ambicioso trabajo sobre \u201cLas voces del tango y su v\u00ednculo t\u00edmbrico con los contempor\u00e1neos extranjeros afro descendientes\u201d, Tabar\u00e9 Leyton iniciar\u00e1 un proceso de investigaci\u00f3n en Buenos Aires que se desarrollar\u00e1 desde marzo a diciembre en la Academia Nacional del Tango. <\/span><\/p>\n","protected":false},"excerpt":{"rendered":"<p>Dispuesto a llevar adelante un ambicioso trabajo sobre \u201cLas voces del tango y su v\u00ednculo t\u00edmbrico con los contempor\u00e1neos extranjeros afro descendientes\u201d, Tabar\u00e9 Leyton iniciar\u00e1 un proceso de investigaci\u00f3n en Buenos Aires que se desarrollar\u00e1 desde marzo a diciembre en la Academia Nacional del Tango.<\/p>\n","protected":false},"author":1,"featured_media":6846,"comment_status":"closed","ping_status":"closed","sticky":false,"template":"","format":"standard","meta":{"footnotes":""},"categories":[53],"tags":[],"class_list":["post-6845","post","type-post","status-publish","format-standard","has-post-thumbnail","hentry","category-noticias-generales"],"lang":"es","translations":{"es":6845},"pll_sync_post":[],"post_mailing_queue_ids":[],"_links":{"self":[{"href":"http:\/\/staging.ibermusicas.org\/index.php\/wp-json\/wp\/v2\/posts\/6845","targetHints":{"allow":["GET"]}}],"collection":[{"href":"http:\/\/staging.ibermusicas.org\/index.php\/wp-json\/wp\/v2\/posts"}],"about":[{"href":"http:\/\/staging.ibermusicas.org\/index.php\/wp-json\/wp\/v2\/types\/post"}],"author":[{"embeddable":true,"href":"http:\/\/staging.ibermusicas.org\/index.php\/wp-json\/wp\/v2\/users\/1"}],"replies":[{"embeddable":true,"href":"http:\/\/staging.ibermusicas.org\/index.php\/wp-json\/wp\/v2\/comments?post=6845"}],"version-history":[{"count":1,"href":"http:\/\/staging.ibermusicas.org\/index.php\/wp-json\/wp\/v2\/posts\/6845\/revisions"}],"predecessor-version":[{"id":6847,"href":"http:\/\/staging.ibermusicas.org\/index.php\/wp-json\/wp\/v2\/posts\/6845\/revisions\/6847"}],"wp:featuredmedia":[{"embeddable":true,"href":"http:\/\/staging.ibermusicas.org\/index.php\/wp-json\/wp\/v2\/media\/6846"}],"wp:attachment":[{"href":"http:\/\/staging.ibermusicas.org\/index.php\/wp-json\/wp\/v2\/media?parent=6845"}],"wp:term":[{"taxonomy":"category","embeddable":true,"href":"http:\/\/staging.ibermusicas.org\/index.php\/wp-json\/wp\/v2\/categories?post=6845"},{"taxonomy":"post_tag","embeddable":true,"href":"http:\/\/staging.ibermusicas.org\/index.php\/wp-json\/wp\/v2\/tags?post=6845"}],"curies":[{"name":"wp","href":"https:\/\/api.w.org\/{rel}","templated":true}]}}