{"id":6848,"date":"2017-03-08T12:09:36","date_gmt":"2017-03-08T12:09:36","guid":{"rendered":"http:\/\/staging.ibermusicas.org\/?p=6848"},"modified":"2021-06-12T12:10:50","modified_gmt":"2021-06-12T12:10:50","slug":"el-duo-varal-de-cordel-compuesto-por-el-repentista-baiano-dei-ferreira-y-la-persucionista-argentina-mercedes-garros-lleva-a-buenos-aires-su-espectaculo-de-repente-buenos-aires","status":"publish","type":"post","link":"http:\/\/staging.ibermusicas.org\/index.php\/el-duo-varal-de-cordel-compuesto-por-el-repentista-baiano-dei-ferreira-y-la-persucionista-argentina-mercedes-garros-lleva-a-buenos-aires-su-espectaculo-de-repente-buenos-aires\/","title":{"rendered":"El d\u00fao Varal de Cordel compuesto por el repentista baiano D\u00e9i Ferreira y la persucionista argentina Mercedes Garr\u00f3s lleva a Buenos Aires su espect\u00e1culo \u00abDe repente Buenos Aires\u00bb"},"content":{"rendered":"<p><span data-sheets-value=\"{&quot;1&quot;:2,&quot;2&quot;:&quot;\u201cDe repente Buenos Aires\u201d es la propuesta del d\u00fao Varal de Cordel para difundir el canto de los repentistas, los cantores del nordeste brasile\u00f1o que improvisan su m\u00fasica y su poes\u00eda. &quot;}\" data-sheets-userformat=\"{&quot;2&quot;:513,&quot;3&quot;:{&quot;1&quot;:0},&quot;12&quot;:0}\">\u201cDe repente Buenos Aires\u201d es la propuesta del d\u00fao Varal de Cordel para difundir el canto de los repentistas, los cantores del nordeste brasile\u00f1o que improvisan su m\u00fasica y su poes\u00eda. <\/span><\/p>\n","protected":false},"excerpt":{"rendered":"<p>\u201cDe repente Buenos Aires\u201d es la propuesta del d\u00fao Varal de Cordel para difundir el canto de los repentistas, los cantores del nordeste brasile\u00f1o que improvisan su m\u00fasica y su poes\u00eda.<\/p>\n","protected":false},"author":1,"featured_media":6849,"comment_status":"closed","ping_status":"closed","sticky":false,"template":"","format":"standard","meta":{"footnotes":""},"categories":[53],"tags":[],"class_list":["post-6848","post","type-post","status-publish","format-standard","has-post-thumbnail","hentry","category-noticias-generales"],"lang":"es","translations":{"es":6848},"pll_sync_post":[],"post_mailing_queue_ids":[],"_links":{"self":[{"href":"http:\/\/staging.ibermusicas.org\/index.php\/wp-json\/wp\/v2\/posts\/6848","targetHints":{"allow":["GET"]}}],"collection":[{"href":"http:\/\/staging.ibermusicas.org\/index.php\/wp-json\/wp\/v2\/posts"}],"about":[{"href":"http:\/\/staging.ibermusicas.org\/index.php\/wp-json\/wp\/v2\/types\/post"}],"author":[{"embeddable":true,"href":"http:\/\/staging.ibermusicas.org\/index.php\/wp-json\/wp\/v2\/users\/1"}],"replies":[{"embeddable":true,"href":"http:\/\/staging.ibermusicas.org\/index.php\/wp-json\/wp\/v2\/comments?post=6848"}],"version-history":[{"count":2,"href":"http:\/\/staging.ibermusicas.org\/index.php\/wp-json\/wp\/v2\/posts\/6848\/revisions"}],"predecessor-version":[{"id":6851,"href":"http:\/\/staging.ibermusicas.org\/index.php\/wp-json\/wp\/v2\/posts\/6848\/revisions\/6851"}],"wp:featuredmedia":[{"embeddable":true,"href":"http:\/\/staging.ibermusicas.org\/index.php\/wp-json\/wp\/v2\/media\/6849"}],"wp:attachment":[{"href":"http:\/\/staging.ibermusicas.org\/index.php\/wp-json\/wp\/v2\/media?parent=6848"}],"wp:term":[{"taxonomy":"category","embeddable":true,"href":"http:\/\/staging.ibermusicas.org\/index.php\/wp-json\/wp\/v2\/categories?post=6848"},{"taxonomy":"post_tag","embeddable":true,"href":"http:\/\/staging.ibermusicas.org\/index.php\/wp-json\/wp\/v2\/tags?post=6848"}],"curies":[{"name":"wp","href":"https:\/\/api.w.org\/{rel}","templated":true}]}}