{"id":6852,"date":"2017-04-15T12:11:05","date_gmt":"2017-04-15T12:11:05","guid":{"rendered":"http:\/\/staging.ibermusicas.org\/?p=6852"},"modified":"2021-06-12T12:12:11","modified_gmt":"2021-06-12T12:12:11","slug":"el-versatil-pianista-compositor-y-cantante-colombiano-nicolas-ospina-realizara-presentaciones-en-buenos-aires","status":"publish","type":"post","link":"http:\/\/staging.ibermusicas.org\/index.php\/el-versatil-pianista-compositor-y-cantante-colombiano-nicolas-ospina-realizara-presentaciones-en-buenos-aires\/","title":{"rendered":"El vers\u00e1til pianista, compositor y cantante colombiano Nicol\u00e1s Ospina realizar\u00e1 presentaciones en Buenos Aires"},"content":{"rendered":"<p><span data-sheets-value=\"{&quot;1&quot;:2,&quot;2&quot;:&quot;Nicol\u00e1s Ospina es uno de los m\u00e1s vers\u00e1tiles y reconocidos m\u00fasicos de la actual escena bogotana. &quot;}\" data-sheets-userformat=\"{&quot;2&quot;:513,&quot;3&quot;:{&quot;1&quot;:0},&quot;12&quot;:0}\">Nicol\u00e1s Ospina es uno de los m\u00e1s vers\u00e1tiles y reconocidos m\u00fasicos de la actual escena bogotana. <\/span><\/p>\n","protected":false},"excerpt":{"rendered":"<p>Nicol\u00e1s Ospina es uno de los m\u00e1s vers\u00e1tiles y reconocidos m\u00fasicos de la actual escena bogotana.<\/p>\n","protected":false},"author":1,"featured_media":6853,"comment_status":"closed","ping_status":"closed","sticky":false,"template":"","format":"standard","meta":{"footnotes":""},"categories":[53],"tags":[],"class_list":["post-6852","post","type-post","status-publish","format-standard","has-post-thumbnail","hentry","category-noticias-generales"],"lang":"es","translations":{"es":6852},"pll_sync_post":[],"post_mailing_queue_ids":[],"_links":{"self":[{"href":"http:\/\/staging.ibermusicas.org\/index.php\/wp-json\/wp\/v2\/posts\/6852","targetHints":{"allow":["GET"]}}],"collection":[{"href":"http:\/\/staging.ibermusicas.org\/index.php\/wp-json\/wp\/v2\/posts"}],"about":[{"href":"http:\/\/staging.ibermusicas.org\/index.php\/wp-json\/wp\/v2\/types\/post"}],"author":[{"embeddable":true,"href":"http:\/\/staging.ibermusicas.org\/index.php\/wp-json\/wp\/v2\/users\/1"}],"replies":[{"embeddable":true,"href":"http:\/\/staging.ibermusicas.org\/index.php\/wp-json\/wp\/v2\/comments?post=6852"}],"version-history":[{"count":1,"href":"http:\/\/staging.ibermusicas.org\/index.php\/wp-json\/wp\/v2\/posts\/6852\/revisions"}],"predecessor-version":[{"id":6854,"href":"http:\/\/staging.ibermusicas.org\/index.php\/wp-json\/wp\/v2\/posts\/6852\/revisions\/6854"}],"wp:featuredmedia":[{"embeddable":true,"href":"http:\/\/staging.ibermusicas.org\/index.php\/wp-json\/wp\/v2\/media\/6853"}],"wp:attachment":[{"href":"http:\/\/staging.ibermusicas.org\/index.php\/wp-json\/wp\/v2\/media?parent=6852"}],"wp:term":[{"taxonomy":"category","embeddable":true,"href":"http:\/\/staging.ibermusicas.org\/index.php\/wp-json\/wp\/v2\/categories?post=6852"},{"taxonomy":"post_tag","embeddable":true,"href":"http:\/\/staging.ibermusicas.org\/index.php\/wp-json\/wp\/v2\/tags?post=6852"}],"curies":[{"name":"wp","href":"https:\/\/api.w.org\/{rel}","templated":true}]}}