{"id":6855,"date":"2017-03-30T12:12:24","date_gmt":"2017-03-30T12:12:24","guid":{"rendered":"http:\/\/staging.ibermusicas.org\/?p=6855"},"modified":"2021-06-12T12:13:38","modified_gmt":"2021-06-12T12:13:38","slug":"se-realizo-la-xii-reunion-del-consejo-intergubernamental-del-programa-ibermusicas","status":"publish","type":"post","link":"http:\/\/staging.ibermusicas.org\/index.php\/se-realizo-la-xii-reunion-del-consejo-intergubernamental-del-programa-ibermusicas\/","title":{"rendered":"Se realiz\u00f3 la XII Reuni\u00f3n del Consejo Intergubernamental del Programa IBERM\u00daSICAS"},"content":{"rendered":"<p><span data-sheets-value=\"{&quot;1&quot;:2,&quot;2&quot;:&quot;Los d\u00edas 8, 9, y 10 de marzo se llev\u00f3 a cabo en Salta, Argentina la XII Reuni\u00f3n del Consejo Intergubernamental del Programa IBERM\u00daSICAS. La misma estuvo organizada por el Ministerio de Cultura de la Naci\u00f3n.&quot;}\" data-sheets-userformat=\"{&quot;2&quot;:515,&quot;3&quot;:{&quot;1&quot;:0},&quot;4&quot;:{&quot;1&quot;:2,&quot;2&quot;:13822754},&quot;12&quot;:0}\">Los d\u00edas 8, 9, y 10 de marzo se llev\u00f3 a cabo en Salta, Argentina la XII Reuni\u00f3n del Consejo Intergubernamental del Programa IBERM\u00daSICAS. La misma estuvo organizada por el Ministerio de Cultura de la Naci\u00f3n.<\/span><\/p>\n","protected":false},"excerpt":{"rendered":"<p>Los d\u00edas 8, 9, y 10 de marzo se llev\u00f3 a cabo en Salta, Argentina la XII Reuni\u00f3n del Consejo Intergubernamental del Programa IBERM\u00daSICAS. La misma estuvo organizada por el Ministerio de Cultura de la Naci\u00f3n.<\/p>\n","protected":false},"author":1,"featured_media":6856,"comment_status":"closed","ping_status":"closed","sticky":false,"template":"","format":"standard","meta":{"footnotes":""},"categories":[53],"tags":[],"class_list":["post-6855","post","type-post","status-publish","format-standard","has-post-thumbnail","hentry","category-noticias-generales"],"lang":"es","translations":{"es":6855},"pll_sync_post":[],"post_mailing_queue_ids":[],"_links":{"self":[{"href":"http:\/\/staging.ibermusicas.org\/index.php\/wp-json\/wp\/v2\/posts\/6855","targetHints":{"allow":["GET"]}}],"collection":[{"href":"http:\/\/staging.ibermusicas.org\/index.php\/wp-json\/wp\/v2\/posts"}],"about":[{"href":"http:\/\/staging.ibermusicas.org\/index.php\/wp-json\/wp\/v2\/types\/post"}],"author":[{"embeddable":true,"href":"http:\/\/staging.ibermusicas.org\/index.php\/wp-json\/wp\/v2\/users\/1"}],"replies":[{"embeddable":true,"href":"http:\/\/staging.ibermusicas.org\/index.php\/wp-json\/wp\/v2\/comments?post=6855"}],"version-history":[{"count":1,"href":"http:\/\/staging.ibermusicas.org\/index.php\/wp-json\/wp\/v2\/posts\/6855\/revisions"}],"predecessor-version":[{"id":6857,"href":"http:\/\/staging.ibermusicas.org\/index.php\/wp-json\/wp\/v2\/posts\/6855\/revisions\/6857"}],"wp:featuredmedia":[{"embeddable":true,"href":"http:\/\/staging.ibermusicas.org\/index.php\/wp-json\/wp\/v2\/media\/6856"}],"wp:attachment":[{"href":"http:\/\/staging.ibermusicas.org\/index.php\/wp-json\/wp\/v2\/media?parent=6855"}],"wp:term":[{"taxonomy":"category","embeddable":true,"href":"http:\/\/staging.ibermusicas.org\/index.php\/wp-json\/wp\/v2\/categories?post=6855"},{"taxonomy":"post_tag","embeddable":true,"href":"http:\/\/staging.ibermusicas.org\/index.php\/wp-json\/wp\/v2\/tags?post=6855"}],"curies":[{"name":"wp","href":"https:\/\/api.w.org\/{rel}","templated":true}]}}