{"id":6858,"date":"2017-04-12T12:13:51","date_gmt":"2017-04-12T12:13:51","guid":{"rendered":"http:\/\/staging.ibermusicas.org\/?p=6858"},"modified":"2021-06-12T12:15:03","modified_gmt":"2021-06-12T12:15:03","slug":"se-lanza-el-1-disco-de-cancion-popular-ibermusicas-itinerario-cancion-i","status":"publish","type":"post","link":"http:\/\/staging.ibermusicas.org\/index.php\/se-lanza-el-1-disco-de-cancion-popular-ibermusicas-itinerario-cancion-i\/","title":{"rendered":"Se lanza el 1\u00b0 Disco de canci\u00f3n popular IBERM\u00daSICAS: Itinerario Canci\u00f3n I"},"content":{"rendered":"<p><span data-sheets-value=\"{&quot;1&quot;:2,&quot;2&quot;:&quot;Desde el Programa Iberm\u00fasicas compartimos la enorme alegr\u00eda por la reciente edici\u00f3n de \\&quot;Itinerario Canci\u00f3n I\\&quot;, el disco conteniendo una obra de cada uno de los ganadores de nuestro Primer Concurso de Composici\u00f3n de Canci\u00f3n Popular. &quot;}\" data-sheets-userformat=\"{&quot;2&quot;:513,&quot;3&quot;:{&quot;1&quot;:0},&quot;12&quot;:0}\">Desde el Programa Iberm\u00fasicas compartimos la enorme alegr\u00eda por la reciente edici\u00f3n de \u00abItinerario Canci\u00f3n I\u00bb, el disco conteniendo una obra de cada uno de los ganadores de nuestro Primer Concurso de Composici\u00f3n de Canci\u00f3n Popular. <\/span><\/p>\n","protected":false},"excerpt":{"rendered":"<p>Desde el Programa Iberm\u00fasicas compartimos la enorme alegr\u00eda por la reciente edici\u00f3n de \u00abItinerario Canci\u00f3n I\u00bb, el disco conteniendo una obra de cada uno de los ganadores de nuestro Primer Concurso de Composici\u00f3n de Canci\u00f3n Popular.<\/p>\n","protected":false},"author":1,"featured_media":6859,"comment_status":"closed","ping_status":"closed","sticky":false,"template":"","format":"standard","meta":{"footnotes":""},"categories":[53],"tags":[],"class_list":["post-6858","post","type-post","status-publish","format-standard","has-post-thumbnail","hentry","category-noticias-generales"],"lang":"es","translations":{"es":6858},"pll_sync_post":[],"post_mailing_queue_ids":[],"_links":{"self":[{"href":"http:\/\/staging.ibermusicas.org\/index.php\/wp-json\/wp\/v2\/posts\/6858","targetHints":{"allow":["GET"]}}],"collection":[{"href":"http:\/\/staging.ibermusicas.org\/index.php\/wp-json\/wp\/v2\/posts"}],"about":[{"href":"http:\/\/staging.ibermusicas.org\/index.php\/wp-json\/wp\/v2\/types\/post"}],"author":[{"embeddable":true,"href":"http:\/\/staging.ibermusicas.org\/index.php\/wp-json\/wp\/v2\/users\/1"}],"replies":[{"embeddable":true,"href":"http:\/\/staging.ibermusicas.org\/index.php\/wp-json\/wp\/v2\/comments?post=6858"}],"version-history":[{"count":1,"href":"http:\/\/staging.ibermusicas.org\/index.php\/wp-json\/wp\/v2\/posts\/6858\/revisions"}],"predecessor-version":[{"id":6860,"href":"http:\/\/staging.ibermusicas.org\/index.php\/wp-json\/wp\/v2\/posts\/6858\/revisions\/6860"}],"wp:featuredmedia":[{"embeddable":true,"href":"http:\/\/staging.ibermusicas.org\/index.php\/wp-json\/wp\/v2\/media\/6859"}],"wp:attachment":[{"href":"http:\/\/staging.ibermusicas.org\/index.php\/wp-json\/wp\/v2\/media?parent=6858"}],"wp:term":[{"taxonomy":"category","embeddable":true,"href":"http:\/\/staging.ibermusicas.org\/index.php\/wp-json\/wp\/v2\/categories?post=6858"},{"taxonomy":"post_tag","embeddable":true,"href":"http:\/\/staging.ibermusicas.org\/index.php\/wp-json\/wp\/v2\/tags?post=6858"}],"curies":[{"name":"wp","href":"https:\/\/api.w.org\/{rel}","templated":true}]}}