{"id":6867,"date":"2017-04-01T12:19:05","date_gmt":"2017-04-01T12:19:05","guid":{"rendered":"http:\/\/staging.ibermusicas.org\/?p=6867"},"modified":"2021-06-12T12:20:15","modified_gmt":"2021-06-12T12:20:15","slug":"el-festival-planea-musica-de-paraguay-incluira-en-su-programacion-a-artistas-de-argentina-y-paraguay-y-sumara-talleres-y-charlas-sobre-tematicas-del-sector-musical","status":"publish","type":"post","link":"http:\/\/staging.ibermusicas.org\/index.php\/el-festival-planea-musica-de-paraguay-incluira-en-su-programacion-a-artistas-de-argentina-y-paraguay-y-sumara-talleres-y-charlas-sobre-tematicas-del-sector-musical\/","title":{"rendered":"El FESTIVAL PLANEA M\u00daSICA de Paraguay incluir\u00e1 en su programaci\u00f3n a artistas de Argentina y Paraguay y sumar\u00e1 talleres y charlas sobre tem\u00e1ticas del sector musical"},"content":{"rendered":"<p><span data-sheets-value=\"{&quot;1&quot;:2,&quot;2&quot;:&quot;El Festival Planea M\u00fasica 2017 nace con el objetivo de crear espacios y escenarios donde los artistas emergentes puedan llevar sus propuestas musicales en vivo al p\u00fablico. &quot;}\" data-sheets-userformat=\"{&quot;2&quot;:515,&quot;3&quot;:{&quot;1&quot;:0},&quot;4&quot;:{&quot;1&quot;:2,&quot;2&quot;:13822754},&quot;12&quot;:0}\">El Festival Planea M\u00fasica 2017 nace con el objetivo de crear espacios y escenarios donde los artistas emergentes puedan llevar sus propuestas musicales en vivo al p\u00fablico. <\/span><\/p>\n","protected":false},"excerpt":{"rendered":"<p>El Festival Planea M\u00fasica 2017 nace con el objetivo de crear espacios y escenarios donde los artistas emergentes puedan llevar sus propuestas musicales en vivo al p\u00fablico.<\/p>\n","protected":false},"author":1,"featured_media":6868,"comment_status":"closed","ping_status":"closed","sticky":false,"template":"","format":"standard","meta":{"footnotes":""},"categories":[53],"tags":[],"class_list":["post-6867","post","type-post","status-publish","format-standard","has-post-thumbnail","hentry","category-noticias-generales"],"lang":"es","translations":{"es":6867},"pll_sync_post":[],"post_mailing_queue_ids":[],"_links":{"self":[{"href":"http:\/\/staging.ibermusicas.org\/index.php\/wp-json\/wp\/v2\/posts\/6867","targetHints":{"allow":["GET"]}}],"collection":[{"href":"http:\/\/staging.ibermusicas.org\/index.php\/wp-json\/wp\/v2\/posts"}],"about":[{"href":"http:\/\/staging.ibermusicas.org\/index.php\/wp-json\/wp\/v2\/types\/post"}],"author":[{"embeddable":true,"href":"http:\/\/staging.ibermusicas.org\/index.php\/wp-json\/wp\/v2\/users\/1"}],"replies":[{"embeddable":true,"href":"http:\/\/staging.ibermusicas.org\/index.php\/wp-json\/wp\/v2\/comments?post=6867"}],"version-history":[{"count":1,"href":"http:\/\/staging.ibermusicas.org\/index.php\/wp-json\/wp\/v2\/posts\/6867\/revisions"}],"predecessor-version":[{"id":6869,"href":"http:\/\/staging.ibermusicas.org\/index.php\/wp-json\/wp\/v2\/posts\/6867\/revisions\/6869"}],"wp:featuredmedia":[{"embeddable":true,"href":"http:\/\/staging.ibermusicas.org\/index.php\/wp-json\/wp\/v2\/media\/6868"}],"wp:attachment":[{"href":"http:\/\/staging.ibermusicas.org\/index.php\/wp-json\/wp\/v2\/media?parent=6867"}],"wp:term":[{"taxonomy":"category","embeddable":true,"href":"http:\/\/staging.ibermusicas.org\/index.php\/wp-json\/wp\/v2\/categories?post=6867"},{"taxonomy":"post_tag","embeddable":true,"href":"http:\/\/staging.ibermusicas.org\/index.php\/wp-json\/wp\/v2\/tags?post=6867"}],"curies":[{"name":"wp","href":"https:\/\/api.w.org\/{rel}","templated":true}]}}