{"id":6873,"date":"2017-05-08T12:23:30","date_gmt":"2017-05-08T12:23:30","guid":{"rendered":"http:\/\/staging.ibermusicas.org\/?p=6873"},"modified":"2021-06-12T12:24:37","modified_gmt":"2021-06-12T12:24:37","slug":"la-banda-uruguaya-carmen-sandiego-viaja-por-primera-vez-a-peru-de-la-mano-del-lima-pop-fest","status":"publish","type":"post","link":"http:\/\/staging.ibermusicas.org\/index.php\/la-banda-uruguaya-carmen-sandiego-viaja-por-primera-vez-a-peru-de-la-mano-del-lima-pop-fest\/","title":{"rendered":"La banda uruguaya CARMEN SANDIEGO viaja por primera vez a Per\u00fa de la mano del LIMA POP FEST"},"content":{"rendered":"<p><span data-sheets-value=\"{&quot;1&quot;:2,&quot;2&quot;:&quot;Con el lanzamiento de su sexto trabajo de estudio \u201cmapas anat\u00f3micos\u201d la banda integrada por Flavio Lira, Leticia Skrycky, Mat\u00edas Lens, Ezequiel Rivero y Luc\u00eda Riera mantiene y reafirma su amor tanto por las melod\u00edas pop como por la experimentaci\u00f3n sonora, por el intimismo ac\u00fastico como por el ruido, generando un ambiente m\u00e1s reposado y contemplativo que en sus trabajos anteriores.\\r \\r &quot;}\" data-sheets-userformat=\"{&quot;2&quot;:515,&quot;3&quot;:{&quot;1&quot;:0},&quot;4&quot;:{&quot;1&quot;:2,&quot;2&quot;:13822754},&quot;12&quot;:0}\">Con el lanzamiento de su sexto trabajo de estudio \u201cmapas anat\u00f3micos\u201d la banda integrada por Flavio Lira, Leticia Skrycky, Mat\u00edas Lens, Ezequiel Rivero y Luc\u00eda Riera mantiene y reafirma su amor tanto por las melod\u00edas pop como por la experimentaci\u00f3n sonora, por el intimismo ac\u00fastico como por el ruido, generando un ambiente m\u00e1s reposado y contemplativo que en sus trabajos anteriores. <\/span><\/p>\n","protected":false},"excerpt":{"rendered":"<p>Con el lanzamiento de su sexto trabajo de estudio \u201cmapas anat\u00f3micos\u201d la banda integrada por Flavio Lira, Leticia Skrycky, Mat\u00edas Lens, Ezequiel Rivero y Luc\u00eda Riera mantiene y reafirma su amor tanto por las melod\u00edas pop como por la experimentaci\u00f3n sonora, por el intimismo ac\u00fastico como por el ruido, generando un ambiente m\u00e1s reposado y [&hellip;]<\/p>\n","protected":false},"author":1,"featured_media":6874,"comment_status":"closed","ping_status":"closed","sticky":false,"template":"","format":"standard","meta":{"footnotes":""},"categories":[53],"tags":[],"class_list":["post-6873","post","type-post","status-publish","format-standard","has-post-thumbnail","hentry","category-noticias-generales"],"lang":"es","translations":{"es":6873},"pll_sync_post":[],"post_mailing_queue_ids":[],"_links":{"self":[{"href":"http:\/\/staging.ibermusicas.org\/index.php\/wp-json\/wp\/v2\/posts\/6873","targetHints":{"allow":["GET"]}}],"collection":[{"href":"http:\/\/staging.ibermusicas.org\/index.php\/wp-json\/wp\/v2\/posts"}],"about":[{"href":"http:\/\/staging.ibermusicas.org\/index.php\/wp-json\/wp\/v2\/types\/post"}],"author":[{"embeddable":true,"href":"http:\/\/staging.ibermusicas.org\/index.php\/wp-json\/wp\/v2\/users\/1"}],"replies":[{"embeddable":true,"href":"http:\/\/staging.ibermusicas.org\/index.php\/wp-json\/wp\/v2\/comments?post=6873"}],"version-history":[{"count":1,"href":"http:\/\/staging.ibermusicas.org\/index.php\/wp-json\/wp\/v2\/posts\/6873\/revisions"}],"predecessor-version":[{"id":6875,"href":"http:\/\/staging.ibermusicas.org\/index.php\/wp-json\/wp\/v2\/posts\/6873\/revisions\/6875"}],"wp:featuredmedia":[{"embeddable":true,"href":"http:\/\/staging.ibermusicas.org\/index.php\/wp-json\/wp\/v2\/media\/6874"}],"wp:attachment":[{"href":"http:\/\/staging.ibermusicas.org\/index.php\/wp-json\/wp\/v2\/media?parent=6873"}],"wp:term":[{"taxonomy":"category","embeddable":true,"href":"http:\/\/staging.ibermusicas.org\/index.php\/wp-json\/wp\/v2\/categories?post=6873"},{"taxonomy":"post_tag","embeddable":true,"href":"http:\/\/staging.ibermusicas.org\/index.php\/wp-json\/wp\/v2\/tags?post=6873"}],"curies":[{"name":"wp","href":"https:\/\/api.w.org\/{rel}","templated":true}]}}