{"id":6876,"date":"2017-04-16T12:24:45","date_gmt":"2017-04-16T12:24:45","guid":{"rendered":"http:\/\/staging.ibermusicas.org\/?p=6876"},"modified":"2021-06-12T12:25:42","modified_gmt":"2021-06-12T12:25:42","slug":"el-lima-popfest-de-peru-recibe-a-los-waldners-de-costa-rica","status":"publish","type":"post","link":"http:\/\/staging.ibermusicas.org\/index.php\/el-lima-popfest-de-peru-recibe-a-los-waldners-de-costa-rica\/","title":{"rendered":"El Lima Popfest de Per\u00fa recibe a Los Waldners de Costa Rica"},"content":{"rendered":"<p><span data-sheets-value=\"{&quot;1&quot;:2,&quot;2&quot;:&quot;La banda de Costa Rica viaja a la sexta edici\u00f3n del Lima Popfest, el festival autogestionado que busca fortalecer los lazos entre las escenas independientes de pop y rock en Latinoam\u00e9rica y Espa\u00f1a difundiendo la m\u00fasica de bandas y solistas de toda la regi\u00f3n para permitir el intercambio cultural y el apoyo mutuo entre m\u00fasicos.\\r \\r &quot;}\" data-sheets-userformat=\"{&quot;2&quot;:513,&quot;3&quot;:{&quot;1&quot;:0},&quot;12&quot;:0}\">La banda de Costa Rica viaja a la sexta edici\u00f3n del Lima Popfest, el festival autogestionado que busca fortalecer los lazos entre las escenas independientes de pop y rock en Latinoam\u00e9rica y Espa\u00f1a difundiendo la m\u00fasica de bandas y solistas de toda la regi\u00f3n para permitir el intercambio cultural y el apoyo mutuo entre m\u00fasicos. <\/span><\/p>\n","protected":false},"excerpt":{"rendered":"<p>La banda de Costa Rica viaja a la sexta edici\u00f3n del Lima Popfest, el festival autogestionado que busca fortalecer los lazos entre las escenas independientes de pop y rock en Latinoam\u00e9rica y Espa\u00f1a difundiendo la m\u00fasica de bandas y solistas de toda la regi\u00f3n para permitir el intercambio cultural y el apoyo mutuo entre m\u00fasicos.<\/p>\n","protected":false},"author":1,"featured_media":6877,"comment_status":"closed","ping_status":"closed","sticky":false,"template":"","format":"standard","meta":{"footnotes":""},"categories":[53],"tags":[],"class_list":["post-6876","post","type-post","status-publish","format-standard","has-post-thumbnail","hentry","category-noticias-generales"],"lang":"es","translations":{"es":6876},"pll_sync_post":[],"post_mailing_queue_ids":[],"_links":{"self":[{"href":"http:\/\/staging.ibermusicas.org\/index.php\/wp-json\/wp\/v2\/posts\/6876","targetHints":{"allow":["GET"]}}],"collection":[{"href":"http:\/\/staging.ibermusicas.org\/index.php\/wp-json\/wp\/v2\/posts"}],"about":[{"href":"http:\/\/staging.ibermusicas.org\/index.php\/wp-json\/wp\/v2\/types\/post"}],"author":[{"embeddable":true,"href":"http:\/\/staging.ibermusicas.org\/index.php\/wp-json\/wp\/v2\/users\/1"}],"replies":[{"embeddable":true,"href":"http:\/\/staging.ibermusicas.org\/index.php\/wp-json\/wp\/v2\/comments?post=6876"}],"version-history":[{"count":1,"href":"http:\/\/staging.ibermusicas.org\/index.php\/wp-json\/wp\/v2\/posts\/6876\/revisions"}],"predecessor-version":[{"id":6878,"href":"http:\/\/staging.ibermusicas.org\/index.php\/wp-json\/wp\/v2\/posts\/6876\/revisions\/6878"}],"wp:featuredmedia":[{"embeddable":true,"href":"http:\/\/staging.ibermusicas.org\/index.php\/wp-json\/wp\/v2\/media\/6877"}],"wp:attachment":[{"href":"http:\/\/staging.ibermusicas.org\/index.php\/wp-json\/wp\/v2\/media?parent=6876"}],"wp:term":[{"taxonomy":"category","embeddable":true,"href":"http:\/\/staging.ibermusicas.org\/index.php\/wp-json\/wp\/v2\/categories?post=6876"},{"taxonomy":"post_tag","embeddable":true,"href":"http:\/\/staging.ibermusicas.org\/index.php\/wp-json\/wp\/v2\/tags?post=6876"}],"curies":[{"name":"wp","href":"https:\/\/api.w.org\/{rel}","templated":true}]}}