{"id":6879,"date":"2017-04-20T12:25:49","date_gmt":"2017-04-20T12:25:49","guid":{"rendered":"http:\/\/staging.ibermusicas.org\/?p=6879"},"modified":"2021-06-12T12:26:47","modified_gmt":"2021-06-12T12:26:47","slug":"con-la-participacion-del-jota-p-quinteto-de-brasil-se-realizara-en-asuncion-del-paraguay-la-iii-edicion-del-festival-jazz-day","status":"publish","type":"post","link":"http:\/\/staging.ibermusicas.org\/index.php\/con-la-participacion-del-jota-p-quinteto-de-brasil-se-realizara-en-asuncion-del-paraguay-la-iii-edicion-del-festival-jazz-day\/","title":{"rendered":"Con la participaci\u00f3n del JOTA P QUINTETO de Brasil, se realizar\u00e1 en Asunci\u00f3n del Paraguay la III edici\u00f3n del FESTIVAL JAZZ DAY"},"content":{"rendered":"<p><span data-sheets-value=\"{&quot;1&quot;:2,&quot;2&quot;:&quot;El domingo 30 de abril se celebrar\u00e1 la III edici\u00f3n del Festival Jazz Day Asunci\u00f3n-Paraguay en el Patio Leonor de la Manzana de la Rivera, con la presentaci\u00f3n del mejor jazz de Paraguay con Oscar Aldama Quinteto, Gabriel Lema Gypsy Swing Tr\u00edo, Carlos Schvartzman Cuarteto, la cantante Andrea Valobra y la participaci\u00f3n del Jota P Quinteto de Brasil.\\r \\r &quot;}\" data-sheets-userformat=\"{&quot;2&quot;:513,&quot;3&quot;:{&quot;1&quot;:0},&quot;12&quot;:0}\">El domingo 30 de abril se celebrar\u00e1 la III edici\u00f3n del Festival Jazz Day Asunci\u00f3n-Paraguay en el Patio Leonor de la Manzana de la Rivera, con la presentaci\u00f3n del mejor jazz de Paraguay con Oscar Aldama Quinteto, Gabriel Lema Gypsy Swing Tr\u00edo, Carlos Schvartzman Cuarteto, la cantante Andrea Valobra y la participaci\u00f3n del Jota P Quinteto de Brasil. <\/span><\/p>\n","protected":false},"excerpt":{"rendered":"<p>El domingo 30 de abril se celebrar\u00e1 la III edici\u00f3n del Festival Jazz Day Asunci\u00f3n-Paraguay en el Patio Leonor de la Manzana de la Rivera, con la presentaci\u00f3n del mejor jazz de Paraguay con Oscar Aldama Quinteto, Gabriel Lema Gypsy Swing Tr\u00edo, Carlos Schvartzman Cuarteto, la cantante Andrea Valobra y la participaci\u00f3n del Jota P [&hellip;]<\/p>\n","protected":false},"author":1,"featured_media":6880,"comment_status":"closed","ping_status":"closed","sticky":false,"template":"","format":"standard","meta":{"footnotes":""},"categories":[53],"tags":[],"class_list":["post-6879","post","type-post","status-publish","format-standard","has-post-thumbnail","hentry","category-noticias-generales"],"lang":"es","translations":{"es":6879},"pll_sync_post":[],"post_mailing_queue_ids":[],"_links":{"self":[{"href":"http:\/\/staging.ibermusicas.org\/index.php\/wp-json\/wp\/v2\/posts\/6879","targetHints":{"allow":["GET"]}}],"collection":[{"href":"http:\/\/staging.ibermusicas.org\/index.php\/wp-json\/wp\/v2\/posts"}],"about":[{"href":"http:\/\/staging.ibermusicas.org\/index.php\/wp-json\/wp\/v2\/types\/post"}],"author":[{"embeddable":true,"href":"http:\/\/staging.ibermusicas.org\/index.php\/wp-json\/wp\/v2\/users\/1"}],"replies":[{"embeddable":true,"href":"http:\/\/staging.ibermusicas.org\/index.php\/wp-json\/wp\/v2\/comments?post=6879"}],"version-history":[{"count":1,"href":"http:\/\/staging.ibermusicas.org\/index.php\/wp-json\/wp\/v2\/posts\/6879\/revisions"}],"predecessor-version":[{"id":6881,"href":"http:\/\/staging.ibermusicas.org\/index.php\/wp-json\/wp\/v2\/posts\/6879\/revisions\/6881"}],"wp:featuredmedia":[{"embeddable":true,"href":"http:\/\/staging.ibermusicas.org\/index.php\/wp-json\/wp\/v2\/media\/6880"}],"wp:attachment":[{"href":"http:\/\/staging.ibermusicas.org\/index.php\/wp-json\/wp\/v2\/media?parent=6879"}],"wp:term":[{"taxonomy":"category","embeddable":true,"href":"http:\/\/staging.ibermusicas.org\/index.php\/wp-json\/wp\/v2\/categories?post=6879"},{"taxonomy":"post_tag","embeddable":true,"href":"http:\/\/staging.ibermusicas.org\/index.php\/wp-json\/wp\/v2\/tags?post=6879"}],"curies":[{"name":"wp","href":"https:\/\/api.w.org\/{rel}","templated":true}]}}