{"id":6882,"date":"2017-05-01T12:26:55","date_gmt":"2017-05-01T12:26:55","guid":{"rendered":"http:\/\/staging.ibermusicas.org\/?p=6882"},"modified":"2021-06-12T12:28:02","modified_gmt":"2021-06-12T12:28:02","slug":"se-lanza-la-inscripcion-para-la-residencia-imersao-latina-2-laboratorio-de-latinidades-musicales-en-brasil","status":"publish","type":"post","link":"http:\/\/staging.ibermusicas.org\/index.php\/se-lanza-la-inscripcion-para-la-residencia-imersao-latina-2-laboratorio-de-latinidades-musicales-en-brasil\/","title":{"rendered":"Se lanza la inscripci\u00f3n para la RESID\u00caNCIA IMERS\u00c3O LATINA #2 &#8211; Laboratorio de Latinidades Musicales en Brasil"},"content":{"rendered":"<p><span data-sheets-value=\"{&quot;1&quot;:2,&quot;2&quot;:&quot;Hasta el d\u00eda 14 de mayo permanecer\u00e1 abierta la convocatoria para Resid\u00eancia Imers\u00e3o Latina #2 - Laboratorio de Latinidades Musicales. Pueden participar artistas musicales de todos los g\u00e9neros, que sean naturales y residentes de Argentina, Chile, Colombia, Costa Rica, Cuba, M\u00e9xico, Panam\u00e1, Paraguay, Per\u00fa o Uruguay.\\r \\r &quot;}\" data-sheets-userformat=\"{&quot;2&quot;:513,&quot;3&quot;:{&quot;1&quot;:0},&quot;12&quot;:0}\">Hasta el d\u00eda 14 de mayo permanecer\u00e1 abierta la convocatoria para Resid\u00eancia Imers\u00e3o Latina #2 &#8211; Laboratorio de Latinidades Musicales. Pueden participar artistas musicales de todos los g\u00e9neros, que sean naturales y residentes de Argentina, Chile, Colombia, Costa Rica, Cuba, M\u00e9xico, Panam\u00e1, Paraguay, Per\u00fa o Uruguay. <\/span><\/p>\n","protected":false},"excerpt":{"rendered":"<p>Hasta el d\u00eda 14 de mayo permanecer\u00e1 abierta la convocatoria para Resid\u00eancia Imers\u00e3o Latina #2 &#8211; Laboratorio de Latinidades Musicales. Pueden participar artistas musicales de todos los g\u00e9neros, que sean naturales y residentes de Argentina, Chile, Colombia, Costa Rica, Cuba, M\u00e9xico, Panam\u00e1, Paraguay, Per\u00fa o Uruguay.<\/p>\n","protected":false},"author":1,"featured_media":6883,"comment_status":"closed","ping_status":"closed","sticky":false,"template":"","format":"standard","meta":{"footnotes":""},"categories":[53],"tags":[],"class_list":["post-6882","post","type-post","status-publish","format-standard","has-post-thumbnail","hentry","category-noticias-generales"],"lang":"es","translations":{"es":6882},"pll_sync_post":[],"post_mailing_queue_ids":[],"_links":{"self":[{"href":"http:\/\/staging.ibermusicas.org\/index.php\/wp-json\/wp\/v2\/posts\/6882","targetHints":{"allow":["GET"]}}],"collection":[{"href":"http:\/\/staging.ibermusicas.org\/index.php\/wp-json\/wp\/v2\/posts"}],"about":[{"href":"http:\/\/staging.ibermusicas.org\/index.php\/wp-json\/wp\/v2\/types\/post"}],"author":[{"embeddable":true,"href":"http:\/\/staging.ibermusicas.org\/index.php\/wp-json\/wp\/v2\/users\/1"}],"replies":[{"embeddable":true,"href":"http:\/\/staging.ibermusicas.org\/index.php\/wp-json\/wp\/v2\/comments?post=6882"}],"version-history":[{"count":1,"href":"http:\/\/staging.ibermusicas.org\/index.php\/wp-json\/wp\/v2\/posts\/6882\/revisions"}],"predecessor-version":[{"id":6884,"href":"http:\/\/staging.ibermusicas.org\/index.php\/wp-json\/wp\/v2\/posts\/6882\/revisions\/6884"}],"wp:featuredmedia":[{"embeddable":true,"href":"http:\/\/staging.ibermusicas.org\/index.php\/wp-json\/wp\/v2\/media\/6883"}],"wp:attachment":[{"href":"http:\/\/staging.ibermusicas.org\/index.php\/wp-json\/wp\/v2\/media?parent=6882"}],"wp:term":[{"taxonomy":"category","embeddable":true,"href":"http:\/\/staging.ibermusicas.org\/index.php\/wp-json\/wp\/v2\/categories?post=6882"},{"taxonomy":"post_tag","embeddable":true,"href":"http:\/\/staging.ibermusicas.org\/index.php\/wp-json\/wp\/v2\/tags?post=6882"}],"curies":[{"name":"wp","href":"https:\/\/api.w.org\/{rel}","templated":true}]}}