{"id":6885,"date":"2017-04-25T12:28:11","date_gmt":"2017-04-25T12:28:11","guid":{"rendered":"http:\/\/staging.ibermusicas.org\/?p=6885"},"modified":"2021-06-12T12:29:13","modified_gmt":"2021-06-12T12:29:13","slug":"afrodisiaco-la-banda-que-promueve-la-identidad-panamena-a-traves-de-la-musica-folklorica-fusionada-con-elementos-actuales-llevara-su-tambor-afro-panameno-a-la-ciudad-de-mexico","status":"publish","type":"post","link":"http:\/\/staging.ibermusicas.org\/index.php\/afrodisiaco-la-banda-que-promueve-la-identidad-panamena-a-traves-de-la-musica-folklorica-fusionada-con-elementos-actuales-llevara-su-tambor-afro-panameno-a-la-ciudad-de-mexico\/","title":{"rendered":"AFRODIS\u00cdACO, la banda que promueve la identidad paname\u00f1a a trav\u00e9s de la m\u00fasica folkl\u00f3rica fusionada con elementos actuales llevar\u00e1 su tambor afro paname\u00f1o a la ciudad de M\u00e9xico"},"content":{"rendered":"<p><span data-sheets-value=\"{&quot;1&quot;:2,&quot;2&quot;:&quot;\u201cViene de Panam\u00e1\u201d es el nombre de la canci\u00f3n paname\u00f1a que gan\u00f3 en 2016 la Gaviota de Plata en el Festival Internacional de la Canci\u00f3n Vi\u00f1a del Mar. &quot;}\" data-sheets-userformat=\"{&quot;2&quot;:513,&quot;3&quot;:{&quot;1&quot;:0},&quot;12&quot;:0}\">\u201cViene de Panam\u00e1\u201d es el nombre de la canci\u00f3n paname\u00f1a que gan\u00f3 en 2016 la Gaviota de Plata en el Festival Internacional de la Canci\u00f3n Vi\u00f1a del Mar. <\/span><\/p>\n","protected":false},"excerpt":{"rendered":"<p>\u201cViene de Panam\u00e1\u201d es el nombre de la canci\u00f3n paname\u00f1a que gan\u00f3 en 2016 la Gaviota de Plata en el Festival Internacional de la Canci\u00f3n Vi\u00f1a del Mar.<\/p>\n","protected":false},"author":1,"featured_media":6886,"comment_status":"closed","ping_status":"closed","sticky":false,"template":"","format":"standard","meta":{"footnotes":""},"categories":[53],"tags":[],"class_list":["post-6885","post","type-post","status-publish","format-standard","has-post-thumbnail","hentry","category-noticias-generales"],"lang":"es","translations":{"es":6885},"pll_sync_post":[],"post_mailing_queue_ids":[],"_links":{"self":[{"href":"http:\/\/staging.ibermusicas.org\/index.php\/wp-json\/wp\/v2\/posts\/6885","targetHints":{"allow":["GET"]}}],"collection":[{"href":"http:\/\/staging.ibermusicas.org\/index.php\/wp-json\/wp\/v2\/posts"}],"about":[{"href":"http:\/\/staging.ibermusicas.org\/index.php\/wp-json\/wp\/v2\/types\/post"}],"author":[{"embeddable":true,"href":"http:\/\/staging.ibermusicas.org\/index.php\/wp-json\/wp\/v2\/users\/1"}],"replies":[{"embeddable":true,"href":"http:\/\/staging.ibermusicas.org\/index.php\/wp-json\/wp\/v2\/comments?post=6885"}],"version-history":[{"count":1,"href":"http:\/\/staging.ibermusicas.org\/index.php\/wp-json\/wp\/v2\/posts\/6885\/revisions"}],"predecessor-version":[{"id":6887,"href":"http:\/\/staging.ibermusicas.org\/index.php\/wp-json\/wp\/v2\/posts\/6885\/revisions\/6887"}],"wp:featuredmedia":[{"embeddable":true,"href":"http:\/\/staging.ibermusicas.org\/index.php\/wp-json\/wp\/v2\/media\/6886"}],"wp:attachment":[{"href":"http:\/\/staging.ibermusicas.org\/index.php\/wp-json\/wp\/v2\/media?parent=6885"}],"wp:term":[{"taxonomy":"category","embeddable":true,"href":"http:\/\/staging.ibermusicas.org\/index.php\/wp-json\/wp\/v2\/categories?post=6885"},{"taxonomy":"post_tag","embeddable":true,"href":"http:\/\/staging.ibermusicas.org\/index.php\/wp-json\/wp\/v2\/tags?post=6885"}],"curies":[{"name":"wp","href":"https:\/\/api.w.org\/{rel}","templated":true}]}}