{"id":6888,"date":"2017-05-20T12:29:27","date_gmt":"2017-05-20T12:29:27","guid":{"rendered":"http:\/\/staging.ibermusicas.org\/?p=6888"},"modified":"2021-06-12T12:33:58","modified_gmt":"2021-06-12T12:33:58","slug":"la-orquestra-sanfonica-balaio-nordeste-de-brasil-viaja-a-arequipa-peru-para-presentarse-en-el-festival-festicolor-de-cerro-colorado","status":"publish","type":"post","link":"http:\/\/staging.ibermusicas.org\/index.php\/la-orquestra-sanfonica-balaio-nordeste-de-brasil-viaja-a-arequipa-peru-para-presentarse-en-el-festival-festicolor-de-cerro-colorado\/","title":{"rendered":"La ORQUESTRA SANF\u00d4NICA BALAIO NORDESTE de Brasil viaja a Arequipa, Per\u00fa para presentarse en el festival FESTICOLOR de Cerro Colorado"},"content":{"rendered":"<p><span data-sheets-value=\"{&quot;1&quot;:2,&quot;2&quot;:&quot;La Orquestra Sanf\u00f4nica Balaio Nordeste es uno de los productos culturales m\u00e1s genuinos y expresivos de la m\u00fasica del nordeste brasile\u00f1o. Cuenta en su formaci\u00f3n con 13 integrantes: un director, siete acordeonistas, dos flautistas y tres percusionistas.\\r \\r &quot;}\" data-sheets-userformat=\"{&quot;2&quot;:513,&quot;3&quot;:{&quot;1&quot;:0},&quot;12&quot;:0}\">La Orquestra Sanf\u00f4nica Balaio Nordeste es uno de los productos culturales m\u00e1s genuinos y expresivos de la m\u00fasica del nordeste brasile\u00f1o. Cuenta en su formaci\u00f3n con 13 integrantes: un director, siete acordeonistas, dos flautistas y tres percusionistas. <\/span><\/p>\n","protected":false},"excerpt":{"rendered":"<p>La Orquestra Sanf\u00f4nica Balaio Nordeste es uno de los productos culturales m\u00e1s genuinos y expresivos de la m\u00fasica del nordeste brasile\u00f1o. Cuenta en su formaci\u00f3n con 13 integrantes: un director, siete acordeonistas, dos flautistas y tres percusionistas.<\/p>\n","protected":false},"author":1,"featured_media":6889,"comment_status":"closed","ping_status":"closed","sticky":false,"template":"","format":"standard","meta":{"footnotes":""},"categories":[53],"tags":[],"class_list":["post-6888","post","type-post","status-publish","format-standard","has-post-thumbnail","hentry","category-noticias-generales"],"lang":"es","translations":{"es":6888},"pll_sync_post":[],"post_mailing_queue_ids":[],"_links":{"self":[{"href":"http:\/\/staging.ibermusicas.org\/index.php\/wp-json\/wp\/v2\/posts\/6888","targetHints":{"allow":["GET"]}}],"collection":[{"href":"http:\/\/staging.ibermusicas.org\/index.php\/wp-json\/wp\/v2\/posts"}],"about":[{"href":"http:\/\/staging.ibermusicas.org\/index.php\/wp-json\/wp\/v2\/types\/post"}],"author":[{"embeddable":true,"href":"http:\/\/staging.ibermusicas.org\/index.php\/wp-json\/wp\/v2\/users\/1"}],"replies":[{"embeddable":true,"href":"http:\/\/staging.ibermusicas.org\/index.php\/wp-json\/wp\/v2\/comments?post=6888"}],"version-history":[{"count":1,"href":"http:\/\/staging.ibermusicas.org\/index.php\/wp-json\/wp\/v2\/posts\/6888\/revisions"}],"predecessor-version":[{"id":6890,"href":"http:\/\/staging.ibermusicas.org\/index.php\/wp-json\/wp\/v2\/posts\/6888\/revisions\/6890"}],"wp:featuredmedia":[{"embeddable":true,"href":"http:\/\/staging.ibermusicas.org\/index.php\/wp-json\/wp\/v2\/media\/6889"}],"wp:attachment":[{"href":"http:\/\/staging.ibermusicas.org\/index.php\/wp-json\/wp\/v2\/media?parent=6888"}],"wp:term":[{"taxonomy":"category","embeddable":true,"href":"http:\/\/staging.ibermusicas.org\/index.php\/wp-json\/wp\/v2\/categories?post=6888"},{"taxonomy":"post_tag","embeddable":true,"href":"http:\/\/staging.ibermusicas.org\/index.php\/wp-json\/wp\/v2\/tags?post=6888"}],"curies":[{"name":"wp","href":"https:\/\/api.w.org\/{rel}","templated":true}]}}