{"id":6895,"date":"2017-05-10T12:37:29","date_gmt":"2017-05-10T12:37:29","guid":{"rendered":"http:\/\/staging.ibermusicas.org\/?p=6895"},"modified":"2021-06-12T12:38:21","modified_gmt":"2021-06-12T12:38:21","slug":"la-artista-brasilena-karina-bhur-se-presentara-en-la-tangente-de-palermo-y-en-la-feria-del-libro-de-buenos-aires-argentina","status":"publish","type":"post","link":"http:\/\/staging.ibermusicas.org\/index.php\/la-artista-brasilena-karina-bhur-se-presentara-en-la-tangente-de-palermo-y-en-la-feria-del-libro-de-buenos-aires-argentina\/","title":{"rendered":"La artista brasile\u00f1a KARINA BHUR se presentar\u00e1 en La Tangente de Palermo y en La Feria del Libro de Buenos Aires, Argentina"},"content":{"rendered":"<p><span data-sheets-value=\"{&quot;1&quot;:2,&quot;2&quot;:&quot;KARINA BUHR es cantante, compositora, percusionista, poeta y actriz pernambucana. Inici\u00f3 su carrera art\u00edstica en 1992 con los grupos de maracat\u00fa Piaba de Ouro e Estrela Brillante.&quot;}\" data-sheets-userformat=\"{&quot;2&quot;:513,&quot;3&quot;:{&quot;1&quot;:0},&quot;12&quot;:0}\">KARINA BUHR es cantante, compositora, percusionista, poeta y actriz pernambucana. Inici\u00f3 su carrera art\u00edstica en 1992 con los grupos de maracat\u00fa Piaba de Ouro e Estrela Brillante.<\/span><\/p>\n","protected":false},"excerpt":{"rendered":"<p>KARINA BUHR es cantante, compositora, percusionista, poeta y actriz pernambucana. Inici\u00f3 su carrera art\u00edstica en 1992 con los grupos de maracat\u00fa Piaba de Ouro e Estrela Brillante.<\/p>\n","protected":false},"author":1,"featured_media":6892,"comment_status":"closed","ping_status":"closed","sticky":false,"template":"","format":"standard","meta":{"footnotes":""},"categories":[53],"tags":[],"class_list":["post-6895","post","type-post","status-publish","format-standard","has-post-thumbnail","hentry","category-noticias-generales"],"lang":"es","translations":{"es":6895},"pll_sync_post":[],"post_mailing_queue_ids":[],"_links":{"self":[{"href":"http:\/\/staging.ibermusicas.org\/index.php\/wp-json\/wp\/v2\/posts\/6895","targetHints":{"allow":["GET"]}}],"collection":[{"href":"http:\/\/staging.ibermusicas.org\/index.php\/wp-json\/wp\/v2\/posts"}],"about":[{"href":"http:\/\/staging.ibermusicas.org\/index.php\/wp-json\/wp\/v2\/types\/post"}],"author":[{"embeddable":true,"href":"http:\/\/staging.ibermusicas.org\/index.php\/wp-json\/wp\/v2\/users\/1"}],"replies":[{"embeddable":true,"href":"http:\/\/staging.ibermusicas.org\/index.php\/wp-json\/wp\/v2\/comments?post=6895"}],"version-history":[{"count":1,"href":"http:\/\/staging.ibermusicas.org\/index.php\/wp-json\/wp\/v2\/posts\/6895\/revisions"}],"predecessor-version":[{"id":6896,"href":"http:\/\/staging.ibermusicas.org\/index.php\/wp-json\/wp\/v2\/posts\/6895\/revisions\/6896"}],"wp:featuredmedia":[{"embeddable":true,"href":"http:\/\/staging.ibermusicas.org\/index.php\/wp-json\/wp\/v2\/media\/6892"}],"wp:attachment":[{"href":"http:\/\/staging.ibermusicas.org\/index.php\/wp-json\/wp\/v2\/media?parent=6895"}],"wp:term":[{"taxonomy":"category","embeddable":true,"href":"http:\/\/staging.ibermusicas.org\/index.php\/wp-json\/wp\/v2\/categories?post=6895"},{"taxonomy":"post_tag","embeddable":true,"href":"http:\/\/staging.ibermusicas.org\/index.php\/wp-json\/wp\/v2\/tags?post=6895"}],"curies":[{"name":"wp","href":"https:\/\/api.w.org\/{rel}","templated":true}]}}