{"id":6897,"date":"2017-06-01T12:38:41","date_gmt":"2017-06-01T12:38:41","guid":{"rendered":"http:\/\/staging.ibermusicas.org\/?p=6897"},"modified":"2021-06-12T12:39:57","modified_gmt":"2021-06-12T12:39:57","slug":"colectivo-circo-band-de-peru-realizara-una-gira-por-brasil-presentandose-en-el-festival-grito-rock","status":"publish","type":"post","link":"http:\/\/staging.ibermusicas.org\/index.php\/colectivo-circo-band-de-peru-realizara-una-gira-por-brasil-presentandose-en-el-festival-grito-rock\/","title":{"rendered":"COLECTIVO CIRCO BAND de Per\u00fa realizar\u00e1 una gira por Brasil present\u00e1ndose en el Festival Grito Rock"},"content":{"rendered":"<p><span data-sheets-value=\"{&quot;1&quot;:2,&quot;2&quot;:&quot;COLECTIVO CIRCO BAND es una agrupaci\u00f3n musical peruana formada en Lima en el a\u00f1o 2008. Naci\u00f3 como una propuesta integrada al circo, musicalizando n\u00fameros en la calle y en presentaciones en espacios culturales.\\r \\r &quot;}\" data-sheets-userformat=\"{&quot;2&quot;:513,&quot;3&quot;:{&quot;1&quot;:0},&quot;12&quot;:0}\">COLECTIVO CIRCO BAND es una agrupaci\u00f3n musical peruana formada en Lima en el a\u00f1o 2008. Naci\u00f3 como una propuesta integrada al circo, musicalizando n\u00fameros en la calle y en presentaciones en espacios culturales. <\/span><\/p>\n","protected":false},"excerpt":{"rendered":"<p>COLECTIVO CIRCO BAND es una agrupaci\u00f3n musical peruana formada en Lima en el a\u00f1o 2008. Naci\u00f3 como una propuesta integrada al circo, musicalizando n\u00fameros en la calle y en presentaciones en espacios culturales.<\/p>\n","protected":false},"author":1,"featured_media":6898,"comment_status":"closed","ping_status":"closed","sticky":false,"template":"","format":"standard","meta":{"footnotes":""},"categories":[53],"tags":[],"class_list":["post-6897","post","type-post","status-publish","format-standard","has-post-thumbnail","hentry","category-noticias-generales"],"lang":"es","translations":{"es":6897},"pll_sync_post":[],"post_mailing_queue_ids":[],"_links":{"self":[{"href":"http:\/\/staging.ibermusicas.org\/index.php\/wp-json\/wp\/v2\/posts\/6897","targetHints":{"allow":["GET"]}}],"collection":[{"href":"http:\/\/staging.ibermusicas.org\/index.php\/wp-json\/wp\/v2\/posts"}],"about":[{"href":"http:\/\/staging.ibermusicas.org\/index.php\/wp-json\/wp\/v2\/types\/post"}],"author":[{"embeddable":true,"href":"http:\/\/staging.ibermusicas.org\/index.php\/wp-json\/wp\/v2\/users\/1"}],"replies":[{"embeddable":true,"href":"http:\/\/staging.ibermusicas.org\/index.php\/wp-json\/wp\/v2\/comments?post=6897"}],"version-history":[{"count":1,"href":"http:\/\/staging.ibermusicas.org\/index.php\/wp-json\/wp\/v2\/posts\/6897\/revisions"}],"predecessor-version":[{"id":6899,"href":"http:\/\/staging.ibermusicas.org\/index.php\/wp-json\/wp\/v2\/posts\/6897\/revisions\/6899"}],"wp:featuredmedia":[{"embeddable":true,"href":"http:\/\/staging.ibermusicas.org\/index.php\/wp-json\/wp\/v2\/media\/6898"}],"wp:attachment":[{"href":"http:\/\/staging.ibermusicas.org\/index.php\/wp-json\/wp\/v2\/media?parent=6897"}],"wp:term":[{"taxonomy":"category","embeddable":true,"href":"http:\/\/staging.ibermusicas.org\/index.php\/wp-json\/wp\/v2\/categories?post=6897"},{"taxonomy":"post_tag","embeddable":true,"href":"http:\/\/staging.ibermusicas.org\/index.php\/wp-json\/wp\/v2\/tags?post=6897"}],"curies":[{"name":"wp","href":"https:\/\/api.w.org\/{rel}","templated":true}]}}