{"id":6900,"date":"2017-05-05T12:40:08","date_gmt":"2017-05-05T12:40:08","guid":{"rendered":"http:\/\/staging.ibermusicas.org\/?p=6900"},"modified":"2021-06-12T12:41:20","modified_gmt":"2021-06-12T12:41:20","slug":"el-primer-encuentro-de-musica-corporal-de-uruguay-organizado-por-la-agrupacion-bande-musica-corporal-recibe-en-su-programacion-a-barbatuques-de-brasil","status":"publish","type":"post","link":"http:\/\/staging.ibermusicas.org\/index.php\/el-primer-encuentro-de-musica-corporal-de-uruguay-organizado-por-la-agrupacion-bande-musica-corporal-recibe-en-su-programacion-a-barbatuques-de-brasil\/","title":{"rendered":"El PRIMER ENCUENTRO DE M\u00daSICA CORPORAL DE URUGUAY organizado por la agrupaci\u00f3n Bande M\u00fasica Corporal recibe en su programaci\u00f3n a BARBATUQUES de Brasil"},"content":{"rendered":"<p><span data-sheets-value=\"{&quot;1&quot;:2,&quot;2&quot;:&quot;Del 19 al 22 de mayo con conciertos, talleres y jams se realizar\u00e1 en Montevideo el Primer Encuentro de M\u00fasica Corporal de Uruguay organizado por el colectivo de BANDE - M\u00fasica Corporal. &quot;}\" data-sheets-userformat=\"{&quot;2&quot;:515,&quot;3&quot;:{&quot;1&quot;:0},&quot;4&quot;:{&quot;1&quot;:2,&quot;2&quot;:13822754},&quot;12&quot;:0}\">Del 19 al 22 de mayo con conciertos, talleres y jams se realizar\u00e1 en Montevideo el Primer Encuentro de M\u00fasica Corporal de Uruguay organizado por el colectivo de BANDE &#8211; M\u00fasica Corporal. <\/span><\/p>\n","protected":false},"excerpt":{"rendered":"<p>Del 19 al 22 de mayo con conciertos, talleres y jams se realizar\u00e1 en Montevideo el Primer Encuentro de M\u00fasica Corporal de Uruguay organizado por el colectivo de BANDE &#8211; M\u00fasica Corporal.<\/p>\n","protected":false},"author":1,"featured_media":6901,"comment_status":"closed","ping_status":"closed","sticky":false,"template":"","format":"standard","meta":{"footnotes":""},"categories":[53],"tags":[],"class_list":["post-6900","post","type-post","status-publish","format-standard","has-post-thumbnail","hentry","category-noticias-generales"],"lang":"es","translations":{"es":6900},"pll_sync_post":[],"post_mailing_queue_ids":[],"_links":{"self":[{"href":"http:\/\/staging.ibermusicas.org\/index.php\/wp-json\/wp\/v2\/posts\/6900","targetHints":{"allow":["GET"]}}],"collection":[{"href":"http:\/\/staging.ibermusicas.org\/index.php\/wp-json\/wp\/v2\/posts"}],"about":[{"href":"http:\/\/staging.ibermusicas.org\/index.php\/wp-json\/wp\/v2\/types\/post"}],"author":[{"embeddable":true,"href":"http:\/\/staging.ibermusicas.org\/index.php\/wp-json\/wp\/v2\/users\/1"}],"replies":[{"embeddable":true,"href":"http:\/\/staging.ibermusicas.org\/index.php\/wp-json\/wp\/v2\/comments?post=6900"}],"version-history":[{"count":2,"href":"http:\/\/staging.ibermusicas.org\/index.php\/wp-json\/wp\/v2\/posts\/6900\/revisions"}],"predecessor-version":[{"id":6903,"href":"http:\/\/staging.ibermusicas.org\/index.php\/wp-json\/wp\/v2\/posts\/6900\/revisions\/6903"}],"wp:featuredmedia":[{"embeddable":true,"href":"http:\/\/staging.ibermusicas.org\/index.php\/wp-json\/wp\/v2\/media\/6901"}],"wp:attachment":[{"href":"http:\/\/staging.ibermusicas.org\/index.php\/wp-json\/wp\/v2\/media?parent=6900"}],"wp:term":[{"taxonomy":"category","embeddable":true,"href":"http:\/\/staging.ibermusicas.org\/index.php\/wp-json\/wp\/v2\/categories?post=6900"},{"taxonomy":"post_tag","embeddable":true,"href":"http:\/\/staging.ibermusicas.org\/index.php\/wp-json\/wp\/v2\/tags?post=6900"}],"curies":[{"name":"wp","href":"https:\/\/api.w.org\/{rel}","templated":true}]}}