{"id":6910,"date":"2017-04-20T12:44:45","date_gmt":"2017-04-20T12:44:45","guid":{"rendered":"http:\/\/staging.ibermusicas.org\/?p=6910"},"modified":"2021-06-12T12:45:52","modified_gmt":"2021-06-12T12:45:52","slug":"la-7ma-edicion-del-festival-el-mapa-de-todos-de-porto-alegre-brasil-recibe-en-su-programacion-a-la-banda-psicotropical-romperayo-de-colombia","status":"publish","type":"post","link":"http:\/\/staging.ibermusicas.org\/index.php\/la-7ma-edicion-del-festival-el-mapa-de-todos-de-porto-alegre-brasil-recibe-en-su-programacion-a-la-banda-psicotropical-romperayo-de-colombia\/","title":{"rendered":"La 7ma edici\u00f3n del Festival EL MAPA DE TODOS, de Porto Alegre, Brasil, recibe en su programaci\u00f3n a la banda psicotropical ROMPERAYO de Colombia"},"content":{"rendered":"<p><span data-sheets-value=\"{&quot;1&quot;:2,&quot;2&quot;:&quot;El festival dedicado a la integraci\u00f3n iberoamericana en el \u00e1rea de la m\u00fasica, por el que ya pasaron 96 artistas de 11 pa\u00edses de Iberoam\u00e9rica se desarrollar\u00e1 en los d\u00edas 2, 3 y 4 de mayo. &quot;}\" data-sheets-userformat=\"{&quot;2&quot;:513,&quot;3&quot;:{&quot;1&quot;:0},&quot;12&quot;:0}\">El festival dedicado a la integraci\u00f3n iberoamericana en el \u00e1rea de la m\u00fasica, por el que ya pasaron 96 artistas de 11 pa\u00edses de Iberoam\u00e9rica se desarrollar\u00e1 en los d\u00edas 2, 3 y 4 de mayo. <\/span><\/p>\n","protected":false},"excerpt":{"rendered":"<p>El festival dedicado a la integraci\u00f3n iberoamericana en el \u00e1rea de la m\u00fasica, por el que ya pasaron 96 artistas de 11 pa\u00edses de Iberoam\u00e9rica se desarrollar\u00e1 en los d\u00edas 2, 3 y 4 de mayo.<\/p>\n","protected":false},"author":1,"featured_media":6911,"comment_status":"closed","ping_status":"closed","sticky":false,"template":"","format":"standard","meta":{"footnotes":""},"categories":[53],"tags":[],"class_list":["post-6910","post","type-post","status-publish","format-standard","has-post-thumbnail","hentry","category-noticias-generales"],"lang":"es","translations":{"es":6910},"pll_sync_post":[],"post_mailing_queue_ids":[],"_links":{"self":[{"href":"http:\/\/staging.ibermusicas.org\/index.php\/wp-json\/wp\/v2\/posts\/6910","targetHints":{"allow":["GET"]}}],"collection":[{"href":"http:\/\/staging.ibermusicas.org\/index.php\/wp-json\/wp\/v2\/posts"}],"about":[{"href":"http:\/\/staging.ibermusicas.org\/index.php\/wp-json\/wp\/v2\/types\/post"}],"author":[{"embeddable":true,"href":"http:\/\/staging.ibermusicas.org\/index.php\/wp-json\/wp\/v2\/users\/1"}],"replies":[{"embeddable":true,"href":"http:\/\/staging.ibermusicas.org\/index.php\/wp-json\/wp\/v2\/comments?post=6910"}],"version-history":[{"count":1,"href":"http:\/\/staging.ibermusicas.org\/index.php\/wp-json\/wp\/v2\/posts\/6910\/revisions"}],"predecessor-version":[{"id":6912,"href":"http:\/\/staging.ibermusicas.org\/index.php\/wp-json\/wp\/v2\/posts\/6910\/revisions\/6912"}],"wp:featuredmedia":[{"embeddable":true,"href":"http:\/\/staging.ibermusicas.org\/index.php\/wp-json\/wp\/v2\/media\/6911"}],"wp:attachment":[{"href":"http:\/\/staging.ibermusicas.org\/index.php\/wp-json\/wp\/v2\/media?parent=6910"}],"wp:term":[{"taxonomy":"category","embeddable":true,"href":"http:\/\/staging.ibermusicas.org\/index.php\/wp-json\/wp\/v2\/categories?post=6910"},{"taxonomy":"post_tag","embeddable":true,"href":"http:\/\/staging.ibermusicas.org\/index.php\/wp-json\/wp\/v2\/tags?post=6910"}],"curies":[{"name":"wp","href":"https:\/\/api.w.org\/{rel}","templated":true}]}}