{"id":6916,"date":"2017-06-03T12:48:59","date_gmt":"2017-06-03T12:48:59","guid":{"rendered":"http:\/\/staging.ibermusicas.org\/?p=6916"},"modified":"2021-06-12T12:50:09","modified_gmt":"2021-06-12T12:50:09","slug":"los-telebit-de-colombia-seran-parte-de-la-grilla-de-artistas-del-festival-lima-interactiva-musica-arte","status":"publish","type":"post","link":"http:\/\/staging.ibermusicas.org\/index.php\/los-telebit-de-colombia-seran-parte-de-la-grilla-de-artistas-del-festival-lima-interactiva-musica-arte\/","title":{"rendered":"Los Telebit de Colombia ser\u00e1n parte de la grilla de artistas del festival Lima Interactiva M\u00fasica Arte"},"content":{"rendered":"<p><span data-sheets-value=\"{&quot;1&quot;:2,&quot;2&quot;:&quot;En una fecha de precalentamiento del L.I.M.A (Lima Interactiva M\u00fasica y Arte), el festival que cambi\u00f3 la performance de los conciertos musicales de Per\u00fa, fusionando conciertos, conferencias y seminarios con diferentes profesionales internacionales de toda la industria musical se presentar\u00e1n Telebit de Colombia y los locales Cementerio Inocentes y Achkirik.&quot;}\" data-sheets-userformat=\"{&quot;2&quot;:513,&quot;3&quot;:{&quot;1&quot;:0},&quot;12&quot;:0}\">En una fecha de precalentamiento del L.I.M.A (Lima Interactiva M\u00fasica y Arte), el festival que cambi\u00f3 la performance de los conciertos musicales de Per\u00fa, fusionando conciertos, conferencias y seminarios con diferentes profesionales internacionales de toda la industria musical se presentar\u00e1n Telebit de Colombia y los locales Cementerio Inocentes y Achkirik.<\/span><\/p>\n","protected":false},"excerpt":{"rendered":"<p>En una fecha de precalentamiento del L.I.M.A (Lima Interactiva M\u00fasica y Arte), el festival que cambi\u00f3 la performance de los conciertos musicales de Per\u00fa, fusionando conciertos, conferencias y seminarios con diferentes profesionales internacionales de toda la industria musical se presentar\u00e1n Telebit de Colombia y los locales Cementerio Inocentes y Achkirik.<\/p>\n","protected":false},"author":1,"featured_media":6917,"comment_status":"closed","ping_status":"closed","sticky":false,"template":"","format":"standard","meta":{"footnotes":""},"categories":[53],"tags":[],"class_list":["post-6916","post","type-post","status-publish","format-standard","has-post-thumbnail","hentry","category-noticias-generales"],"lang":"es","translations":{"es":6916},"pll_sync_post":[],"post_mailing_queue_ids":[],"_links":{"self":[{"href":"http:\/\/staging.ibermusicas.org\/index.php\/wp-json\/wp\/v2\/posts\/6916","targetHints":{"allow":["GET"]}}],"collection":[{"href":"http:\/\/staging.ibermusicas.org\/index.php\/wp-json\/wp\/v2\/posts"}],"about":[{"href":"http:\/\/staging.ibermusicas.org\/index.php\/wp-json\/wp\/v2\/types\/post"}],"author":[{"embeddable":true,"href":"http:\/\/staging.ibermusicas.org\/index.php\/wp-json\/wp\/v2\/users\/1"}],"replies":[{"embeddable":true,"href":"http:\/\/staging.ibermusicas.org\/index.php\/wp-json\/wp\/v2\/comments?post=6916"}],"version-history":[{"count":1,"href":"http:\/\/staging.ibermusicas.org\/index.php\/wp-json\/wp\/v2\/posts\/6916\/revisions"}],"predecessor-version":[{"id":6918,"href":"http:\/\/staging.ibermusicas.org\/index.php\/wp-json\/wp\/v2\/posts\/6916\/revisions\/6918"}],"wp:featuredmedia":[{"embeddable":true,"href":"http:\/\/staging.ibermusicas.org\/index.php\/wp-json\/wp\/v2\/media\/6917"}],"wp:attachment":[{"href":"http:\/\/staging.ibermusicas.org\/index.php\/wp-json\/wp\/v2\/media?parent=6916"}],"wp:term":[{"taxonomy":"category","embeddable":true,"href":"http:\/\/staging.ibermusicas.org\/index.php\/wp-json\/wp\/v2\/categories?post=6916"},{"taxonomy":"post_tag","embeddable":true,"href":"http:\/\/staging.ibermusicas.org\/index.php\/wp-json\/wp\/v2\/tags?post=6916"}],"curies":[{"name":"wp","href":"https:\/\/api.w.org\/{rel}","templated":true}]}}