{"id":6919,"date":"2017-06-08T12:50:33","date_gmt":"2017-06-08T12:50:33","guid":{"rendered":"http:\/\/staging.ibermusicas.org\/?p=6919"},"modified":"2021-06-12T12:51:52","modified_gmt":"2021-06-12T12:51:52","slug":"el-mitico-grupo-los-mirlos-de-peru-se-presentara-en-el-festival-guacamayo-de-espana-organizado-por-cultura-inquieta","status":"publish","type":"post","link":"http:\/\/staging.ibermusicas.org\/index.php\/el-mitico-grupo-los-mirlos-de-peru-se-presentara-en-el-festival-guacamayo-de-espana-organizado-por-cultura-inquieta\/","title":{"rendered":"El m\u00edtico grupo Los mirlos de Per\u00fa se presentar\u00e1 en el Festival Guacamayo de Espa\u00f1a organizado por Cultura Inquieta"},"content":{"rendered":"<p><span data-sheets-value=\"{&quot;1&quot;:2,&quot;2&quot;:&quot;\\&quot;No somos s\u00f3lo un grupo de m\u00fasica, sino una propuesta de identidad amaz\u00f3nica\\&quot;, dicen Los Mirlos, el legendario grupo procedente de Moyobamba, departamento de San Mart\u00edn, en la Amazon\u00eda peruana.&quot;}\" data-sheets-userformat=\"{&quot;2&quot;:513,&quot;3&quot;:{&quot;1&quot;:0},&quot;12&quot;:0}\">\u00abNo somos s\u00f3lo un grupo de m\u00fasica, sino una propuesta de identidad amaz\u00f3nica\u00bb, dicen Los Mirlos, el legendario grupo procedente de Moyobamba, departamento de San Mart\u00edn, en la Amazon\u00eda peruana.<\/span><\/p>\n","protected":false},"excerpt":{"rendered":"<p>\u00abNo somos s\u00f3lo un grupo de m\u00fasica, sino una propuesta de identidad amaz\u00f3nica\u00bb, dicen Los Mirlos, el legendario grupo procedente de Moyobamba, departamento de San Mart\u00edn, en la Amazon\u00eda peruana.<\/p>\n","protected":false},"author":1,"featured_media":6920,"comment_status":"closed","ping_status":"closed","sticky":false,"template":"","format":"standard","meta":{"footnotes":""},"categories":[53],"tags":[],"class_list":["post-6919","post","type-post","status-publish","format-standard","has-post-thumbnail","hentry","category-noticias-generales"],"lang":"es","translations":{"es":6919},"pll_sync_post":[],"post_mailing_queue_ids":[],"_links":{"self":[{"href":"http:\/\/staging.ibermusicas.org\/index.php\/wp-json\/wp\/v2\/posts\/6919","targetHints":{"allow":["GET"]}}],"collection":[{"href":"http:\/\/staging.ibermusicas.org\/index.php\/wp-json\/wp\/v2\/posts"}],"about":[{"href":"http:\/\/staging.ibermusicas.org\/index.php\/wp-json\/wp\/v2\/types\/post"}],"author":[{"embeddable":true,"href":"http:\/\/staging.ibermusicas.org\/index.php\/wp-json\/wp\/v2\/users\/1"}],"replies":[{"embeddable":true,"href":"http:\/\/staging.ibermusicas.org\/index.php\/wp-json\/wp\/v2\/comments?post=6919"}],"version-history":[{"count":1,"href":"http:\/\/staging.ibermusicas.org\/index.php\/wp-json\/wp\/v2\/posts\/6919\/revisions"}],"predecessor-version":[{"id":6921,"href":"http:\/\/staging.ibermusicas.org\/index.php\/wp-json\/wp\/v2\/posts\/6919\/revisions\/6921"}],"wp:featuredmedia":[{"embeddable":true,"href":"http:\/\/staging.ibermusicas.org\/index.php\/wp-json\/wp\/v2\/media\/6920"}],"wp:attachment":[{"href":"http:\/\/staging.ibermusicas.org\/index.php\/wp-json\/wp\/v2\/media?parent=6919"}],"wp:term":[{"taxonomy":"category","embeddable":true,"href":"http:\/\/staging.ibermusicas.org\/index.php\/wp-json\/wp\/v2\/categories?post=6919"},{"taxonomy":"post_tag","embeddable":true,"href":"http:\/\/staging.ibermusicas.org\/index.php\/wp-json\/wp\/v2\/tags?post=6919"}],"curies":[{"name":"wp","href":"https:\/\/api.w.org\/{rel}","templated":true}]}}