{"id":6925,"date":"2017-05-16T12:59:05","date_gmt":"2017-05-16T12:59:05","guid":{"rendered":"http:\/\/staging.ibermusicas.org\/?p=6925"},"modified":"2021-06-12T13:00:12","modified_gmt":"2021-06-12T13:00:12","slug":"a-comienzos-del-mes-de-junio-el-compositor-daniel-quaranta-iniciara-el-primer-tramo-del-trabajo-de-campo-para-su-residencia-compositiva","status":"publish","type":"post","link":"http:\/\/staging.ibermusicas.org\/index.php\/a-comienzos-del-mes-de-junio-el-compositor-daniel-quaranta-iniciara-el-primer-tramo-del-trabajo-de-campo-para-su-residencia-compositiva\/","title":{"rendered":"A comienzos del mes de junio el compositor Daniel Quaranta iniciar\u00e1 el primer tramo del trabajo de campo para su residencia compositiva"},"content":{"rendered":"<p><span data-sheets-value=\"{&quot;1&quot;:2,&quot;2&quot;:&quot;Gira-L\u00edngua es un proyecto del compositor brasile\u00f1o Daniel Quaranta en colaboraci\u00f3n con el artista visual Walmeri Ribeiro. &quot;}\" data-sheets-userformat=\"{&quot;2&quot;:513,&quot;3&quot;:{&quot;1&quot;:0},&quot;12&quot;:0}\">Gira-L\u00edngua es un proyecto del compositor brasile\u00f1o Daniel Quaranta en colaboraci\u00f3n con el artista visual Walmeri Ribeiro. <\/span><\/p>\n","protected":false},"excerpt":{"rendered":"<p>Gira-L\u00edngua es un proyecto del compositor brasile\u00f1o Daniel Quaranta en colaboraci\u00f3n con el artista visual Walmeri Ribeiro.<\/p>\n","protected":false},"author":1,"featured_media":6926,"comment_status":"closed","ping_status":"closed","sticky":false,"template":"","format":"standard","meta":{"footnotes":""},"categories":[53],"tags":[],"class_list":["post-6925","post","type-post","status-publish","format-standard","has-post-thumbnail","hentry","category-noticias-generales"],"lang":"es","translations":{"es":6925},"pll_sync_post":[],"post_mailing_queue_ids":[],"_links":{"self":[{"href":"http:\/\/staging.ibermusicas.org\/index.php\/wp-json\/wp\/v2\/posts\/6925","targetHints":{"allow":["GET"]}}],"collection":[{"href":"http:\/\/staging.ibermusicas.org\/index.php\/wp-json\/wp\/v2\/posts"}],"about":[{"href":"http:\/\/staging.ibermusicas.org\/index.php\/wp-json\/wp\/v2\/types\/post"}],"author":[{"embeddable":true,"href":"http:\/\/staging.ibermusicas.org\/index.php\/wp-json\/wp\/v2\/users\/1"}],"replies":[{"embeddable":true,"href":"http:\/\/staging.ibermusicas.org\/index.php\/wp-json\/wp\/v2\/comments?post=6925"}],"version-history":[{"count":1,"href":"http:\/\/staging.ibermusicas.org\/index.php\/wp-json\/wp\/v2\/posts\/6925\/revisions"}],"predecessor-version":[{"id":6927,"href":"http:\/\/staging.ibermusicas.org\/index.php\/wp-json\/wp\/v2\/posts\/6925\/revisions\/6927"}],"wp:featuredmedia":[{"embeddable":true,"href":"http:\/\/staging.ibermusicas.org\/index.php\/wp-json\/wp\/v2\/media\/6926"}],"wp:attachment":[{"href":"http:\/\/staging.ibermusicas.org\/index.php\/wp-json\/wp\/v2\/media?parent=6925"}],"wp:term":[{"taxonomy":"category","embeddable":true,"href":"http:\/\/staging.ibermusicas.org\/index.php\/wp-json\/wp\/v2\/categories?post=6925"},{"taxonomy":"post_tag","embeddable":true,"href":"http:\/\/staging.ibermusicas.org\/index.php\/wp-json\/wp\/v2\/tags?post=6925"}],"curies":[{"name":"wp","href":"https:\/\/api.w.org\/{rel}","templated":true}]}}