{"id":6931,"date":"2017-06-09T13:01:32","date_gmt":"2017-06-09T13:01:32","guid":{"rendered":"http:\/\/staging.ibermusicas.org\/?p=6931"},"modified":"2021-06-12T13:02:35","modified_gmt":"2021-06-12T13:02:35","slug":"el-conjunto-de-musica-antigua-ars-longa-de-cuba-sera-parte-de-los-talleres-de-interpretacion-musica-de-la-puebla-virreinal-organizados-por-la-unam-en-puebla-mexico","status":"publish","type":"post","link":"http:\/\/staging.ibermusicas.org\/index.php\/el-conjunto-de-musica-antigua-ars-longa-de-cuba-sera-parte-de-los-talleres-de-interpretacion-musica-de-la-puebla-virreinal-organizados-por-la-unam-en-puebla-mexico\/","title":{"rendered":"El Conjunto de M\u00fasica Antigua Ars Longa de Cuba, ser\u00e1 parte de los talleres de interpretaci\u00f3n \u201cM\u00fasica de la Puebla Virreinal\u201d organizados por la UNAM en Puebla, M\u00e9xico"},"content":{"rendered":"<p><span data-sheets-value=\"{&quot;1&quot;:2,&quot;2&quot;:&quot;El Conjunto de M\u00fasica Antigua Ars Longa, creado por Teresa Paz y Aland L\u00f3pez en 1994, pertenece desde 1995 a la Oficina del Historiador de la Ciudad de La Habana.&quot;}\" data-sheets-userformat=\"{&quot;2&quot;:513,&quot;3&quot;:{&quot;1&quot;:0},&quot;12&quot;:0}\">El Conjunto de M\u00fasica Antigua Ars Longa, creado por Teresa Paz y Aland L\u00f3pez en 1994, pertenece desde 1995 a la Oficina del Historiador de la Ciudad de La Habana.<\/span><\/p>\n","protected":false},"excerpt":{"rendered":"<p>El Conjunto de M\u00fasica Antigua Ars Longa, creado por Teresa Paz y Aland L\u00f3pez en 1994, pertenece desde 1995 a la Oficina del Historiador de la Ciudad de La Habana.<\/p>\n","protected":false},"author":1,"featured_media":6932,"comment_status":"closed","ping_status":"closed","sticky":false,"template":"","format":"standard","meta":{"footnotes":""},"categories":[53],"tags":[],"class_list":["post-6931","post","type-post","status-publish","format-standard","has-post-thumbnail","hentry","category-noticias-generales"],"lang":"es","translations":{"es":6931},"pll_sync_post":[],"post_mailing_queue_ids":[],"_links":{"self":[{"href":"http:\/\/staging.ibermusicas.org\/index.php\/wp-json\/wp\/v2\/posts\/6931","targetHints":{"allow":["GET"]}}],"collection":[{"href":"http:\/\/staging.ibermusicas.org\/index.php\/wp-json\/wp\/v2\/posts"}],"about":[{"href":"http:\/\/staging.ibermusicas.org\/index.php\/wp-json\/wp\/v2\/types\/post"}],"author":[{"embeddable":true,"href":"http:\/\/staging.ibermusicas.org\/index.php\/wp-json\/wp\/v2\/users\/1"}],"replies":[{"embeddable":true,"href":"http:\/\/staging.ibermusicas.org\/index.php\/wp-json\/wp\/v2\/comments?post=6931"}],"version-history":[{"count":1,"href":"http:\/\/staging.ibermusicas.org\/index.php\/wp-json\/wp\/v2\/posts\/6931\/revisions"}],"predecessor-version":[{"id":6933,"href":"http:\/\/staging.ibermusicas.org\/index.php\/wp-json\/wp\/v2\/posts\/6931\/revisions\/6933"}],"wp:featuredmedia":[{"embeddable":true,"href":"http:\/\/staging.ibermusicas.org\/index.php\/wp-json\/wp\/v2\/media\/6932"}],"wp:attachment":[{"href":"http:\/\/staging.ibermusicas.org\/index.php\/wp-json\/wp\/v2\/media?parent=6931"}],"wp:term":[{"taxonomy":"category","embeddable":true,"href":"http:\/\/staging.ibermusicas.org\/index.php\/wp-json\/wp\/v2\/categories?post=6931"},{"taxonomy":"post_tag","embeddable":true,"href":"http:\/\/staging.ibermusicas.org\/index.php\/wp-json\/wp\/v2\/tags?post=6931"}],"curies":[{"name":"wp","href":"https:\/\/api.w.org\/{rel}","templated":true}]}}