{"id":6934,"date":"2017-06-07T13:02:54","date_gmt":"2017-06-07T13:02:54","guid":{"rendered":"http:\/\/staging.ibermusicas.org\/?p=6934"},"modified":"2021-06-12T13:04:08","modified_gmt":"2021-06-12T13:04:08","slug":"la-agrupacion-brasilena-yanay-realizara-conciertos-y-talleres-en-el-berklee-college-of-music-de-valencia-espana","status":"publish","type":"post","link":"http:\/\/staging.ibermusicas.org\/index.php\/la-agrupacion-brasilena-yanay-realizara-conciertos-y-talleres-en-el-berklee-college-of-music-de-valencia-espana\/","title":{"rendered":"La agrupaci\u00f3n brasile\u00f1a Yanay realizar\u00e1 conciertos y talleres en el Berklee College of Music de Valencia, Espa\u00f1a"},"content":{"rendered":"<p><span data-sheets-value=\"{&quot;1&quot;:2,&quot;2&quot;:&quot;El nombre Yanay es una alusi\u00f3n a la palabra y saludo indio que entre sus significados tiene el de \\&quot;frontera\\&quot; y \\&quot;ser entero\\&quot;. &quot;}\" data-sheets-userformat=\"{&quot;2&quot;:515,&quot;3&quot;:{&quot;1&quot;:0},&quot;4&quot;:{&quot;1&quot;:2,&quot;2&quot;:13822754},&quot;12&quot;:0}\">El nombre Yanay es una alusi\u00f3n a la palabra y saludo indio que entre sus significados tiene el de \u00abfrontera\u00bb y \u00abser entero\u00bb. <\/span><\/p>\n","protected":false},"excerpt":{"rendered":"<p>El nombre Yanay es una alusi\u00f3n a la palabra y saludo indio que entre sus significados tiene el de \u00abfrontera\u00bb y \u00abser entero\u00bb.<\/p>\n","protected":false},"author":1,"featured_media":6935,"comment_status":"closed","ping_status":"closed","sticky":false,"template":"","format":"standard","meta":{"footnotes":""},"categories":[53],"tags":[],"class_list":["post-6934","post","type-post","status-publish","format-standard","has-post-thumbnail","hentry","category-noticias-generales"],"lang":"es","translations":{"es":6934},"pll_sync_post":[],"post_mailing_queue_ids":[],"_links":{"self":[{"href":"http:\/\/staging.ibermusicas.org\/index.php\/wp-json\/wp\/v2\/posts\/6934","targetHints":{"allow":["GET"]}}],"collection":[{"href":"http:\/\/staging.ibermusicas.org\/index.php\/wp-json\/wp\/v2\/posts"}],"about":[{"href":"http:\/\/staging.ibermusicas.org\/index.php\/wp-json\/wp\/v2\/types\/post"}],"author":[{"embeddable":true,"href":"http:\/\/staging.ibermusicas.org\/index.php\/wp-json\/wp\/v2\/users\/1"}],"replies":[{"embeddable":true,"href":"http:\/\/staging.ibermusicas.org\/index.php\/wp-json\/wp\/v2\/comments?post=6934"}],"version-history":[{"count":1,"href":"http:\/\/staging.ibermusicas.org\/index.php\/wp-json\/wp\/v2\/posts\/6934\/revisions"}],"predecessor-version":[{"id":6936,"href":"http:\/\/staging.ibermusicas.org\/index.php\/wp-json\/wp\/v2\/posts\/6934\/revisions\/6936"}],"wp:featuredmedia":[{"embeddable":true,"href":"http:\/\/staging.ibermusicas.org\/index.php\/wp-json\/wp\/v2\/media\/6935"}],"wp:attachment":[{"href":"http:\/\/staging.ibermusicas.org\/index.php\/wp-json\/wp\/v2\/media?parent=6934"}],"wp:term":[{"taxonomy":"category","embeddable":true,"href":"http:\/\/staging.ibermusicas.org\/index.php\/wp-json\/wp\/v2\/categories?post=6934"},{"taxonomy":"post_tag","embeddable":true,"href":"http:\/\/staging.ibermusicas.org\/index.php\/wp-json\/wp\/v2\/tags?post=6934"}],"curies":[{"name":"wp","href":"https:\/\/api.w.org\/{rel}","templated":true}]}}