{"id":6938,"date":"2017-06-01T13:04:38","date_gmt":"2017-06-01T13:04:38","guid":{"rendered":"http:\/\/staging.ibermusicas.org\/?p=6938"},"modified":"2021-06-12T13:05:45","modified_gmt":"2021-06-12T13:05:45","slug":"los-baxin-la-familia-de-musicos-mexicanos-dedicados-al-huapango-llevan-su-musica-a-casa-america-catalunya-de-espana","status":"publish","type":"post","link":"http:\/\/staging.ibermusicas.org\/index.php\/los-baxin-la-familia-de-musicos-mexicanos-dedicados-al-huapango-llevan-su-musica-a-casa-america-catalunya-de-espana\/","title":{"rendered":"Los Baxin, la familia de m\u00fasicos mexicanos dedicados al huapango, llevan su m\u00fasica a Casa Am\u00e8rica Catalunya de Espa\u00f1a"},"content":{"rendered":"<p><span data-sheets-value=\"{&quot;1&quot;:2,&quot;2&quot;:&quot;Originarios de la comunidad El Nopal de San Andr\u00e9s Tuxtla, Veracruz, los Baxin son herederos de la m\u00fasica que aprendieron de sus padres y abuelos; tradici\u00f3n que han compartido y ense\u00f1ado en su tierra natal y en diversas regiones. \\r &quot;}\" data-sheets-userformat=\"{&quot;2&quot;:513,&quot;3&quot;:{&quot;1&quot;:0},&quot;12&quot;:0}\">Originarios de la comunidad El Nopal de San Andr\u00e9s Tuxtla, Veracruz, los Baxin son herederos de la m\u00fasica que aprendieron de sus padres y abuelos; tradici\u00f3n que han compartido y ense\u00f1ado en su tierra natal y en diversas regiones. <\/span><\/p>\n","protected":false},"excerpt":{"rendered":"<p>Originarios de la comunidad El Nopal de San Andr\u00e9s Tuxtla, Veracruz, los Baxin son herederos de la m\u00fasica que aprendieron de sus padres y abuelos; tradici\u00f3n que han compartido y ense\u00f1ado en su tierra natal y en diversas regiones.<\/p>\n","protected":false},"author":1,"featured_media":6939,"comment_status":"closed","ping_status":"closed","sticky":false,"template":"","format":"standard","meta":{"footnotes":""},"categories":[53],"tags":[],"class_list":["post-6938","post","type-post","status-publish","format-standard","has-post-thumbnail","hentry","category-noticias-generales"],"lang":"es","translations":{"es":6938},"pll_sync_post":[],"post_mailing_queue_ids":[],"_links":{"self":[{"href":"http:\/\/staging.ibermusicas.org\/index.php\/wp-json\/wp\/v2\/posts\/6938","targetHints":{"allow":["GET"]}}],"collection":[{"href":"http:\/\/staging.ibermusicas.org\/index.php\/wp-json\/wp\/v2\/posts"}],"about":[{"href":"http:\/\/staging.ibermusicas.org\/index.php\/wp-json\/wp\/v2\/types\/post"}],"author":[{"embeddable":true,"href":"http:\/\/staging.ibermusicas.org\/index.php\/wp-json\/wp\/v2\/users\/1"}],"replies":[{"embeddable":true,"href":"http:\/\/staging.ibermusicas.org\/index.php\/wp-json\/wp\/v2\/comments?post=6938"}],"version-history":[{"count":1,"href":"http:\/\/staging.ibermusicas.org\/index.php\/wp-json\/wp\/v2\/posts\/6938\/revisions"}],"predecessor-version":[{"id":6940,"href":"http:\/\/staging.ibermusicas.org\/index.php\/wp-json\/wp\/v2\/posts\/6938\/revisions\/6940"}],"wp:featuredmedia":[{"embeddable":true,"href":"http:\/\/staging.ibermusicas.org\/index.php\/wp-json\/wp\/v2\/media\/6939"}],"wp:attachment":[{"href":"http:\/\/staging.ibermusicas.org\/index.php\/wp-json\/wp\/v2\/media?parent=6938"}],"wp:term":[{"taxonomy":"category","embeddable":true,"href":"http:\/\/staging.ibermusicas.org\/index.php\/wp-json\/wp\/v2\/categories?post=6938"},{"taxonomy":"post_tag","embeddable":true,"href":"http:\/\/staging.ibermusicas.org\/index.php\/wp-json\/wp\/v2\/tags?post=6938"}],"curies":[{"name":"wp","href":"https:\/\/api.w.org\/{rel}","templated":true}]}}