{"id":6941,"date":"2017-07-12T13:05:51","date_gmt":"2017-07-12T13:05:51","guid":{"rendered":"http:\/\/staging.ibermusicas.org\/?p=6941"},"modified":"2021-06-12T13:06:47","modified_gmt":"2021-06-12T13:06:47","slug":"el-compositor-argentino-damian-gorandi-inica-su-residencia-artistica-en-la-universidad-ufmg-de-belo-horizonte-brasil","status":"publish","type":"post","link":"http:\/\/staging.ibermusicas.org\/index.php\/el-compositor-argentino-damian-gorandi-inica-su-residencia-artistica-en-la-universidad-ufmg-de-belo-horizonte-brasil\/","title":{"rendered":"El compositor argentino Dami\u00e1n Gorandi inica su residencia art\u00edstica en la Universidad UFMG de Belo Horizonte, Brasil"},"content":{"rendered":"<p><span data-sheets-value=\"{&quot;1&quot;:2,&quot;2&quot;:&quot;Dami\u00e1n Gorandi participar\u00e1 de los cursos de composici\u00f3n del maestro Joao Pedro Oliveira en la UFMG. &quot;}\" data-sheets-userformat=\"{&quot;2&quot;:513,&quot;3&quot;:{&quot;1&quot;:0},&quot;12&quot;:0}\">Dami\u00e1n Gorandi participar\u00e1 de los cursos de composici\u00f3n del maestro Joao Pedro Oliveira en la UFMG. <\/span><\/p>\n","protected":false},"excerpt":{"rendered":"<p>Dami\u00e1n Gorandi participar\u00e1 de los cursos de composici\u00f3n del maestro Joao Pedro Oliveira en la UFMG.<\/p>\n","protected":false},"author":1,"featured_media":6942,"comment_status":"closed","ping_status":"closed","sticky":false,"template":"","format":"standard","meta":{"footnotes":""},"categories":[53],"tags":[],"class_list":["post-6941","post","type-post","status-publish","format-standard","has-post-thumbnail","hentry","category-noticias-generales"],"lang":"es","translations":{"es":6941},"pll_sync_post":[],"post_mailing_queue_ids":[],"_links":{"self":[{"href":"http:\/\/staging.ibermusicas.org\/index.php\/wp-json\/wp\/v2\/posts\/6941","targetHints":{"allow":["GET"]}}],"collection":[{"href":"http:\/\/staging.ibermusicas.org\/index.php\/wp-json\/wp\/v2\/posts"}],"about":[{"href":"http:\/\/staging.ibermusicas.org\/index.php\/wp-json\/wp\/v2\/types\/post"}],"author":[{"embeddable":true,"href":"http:\/\/staging.ibermusicas.org\/index.php\/wp-json\/wp\/v2\/users\/1"}],"replies":[{"embeddable":true,"href":"http:\/\/staging.ibermusicas.org\/index.php\/wp-json\/wp\/v2\/comments?post=6941"}],"version-history":[{"count":1,"href":"http:\/\/staging.ibermusicas.org\/index.php\/wp-json\/wp\/v2\/posts\/6941\/revisions"}],"predecessor-version":[{"id":6943,"href":"http:\/\/staging.ibermusicas.org\/index.php\/wp-json\/wp\/v2\/posts\/6941\/revisions\/6943"}],"wp:featuredmedia":[{"embeddable":true,"href":"http:\/\/staging.ibermusicas.org\/index.php\/wp-json\/wp\/v2\/media\/6942"}],"wp:attachment":[{"href":"http:\/\/staging.ibermusicas.org\/index.php\/wp-json\/wp\/v2\/media?parent=6941"}],"wp:term":[{"taxonomy":"category","embeddable":true,"href":"http:\/\/staging.ibermusicas.org\/index.php\/wp-json\/wp\/v2\/categories?post=6941"},{"taxonomy":"post_tag","embeddable":true,"href":"http:\/\/staging.ibermusicas.org\/index.php\/wp-json\/wp\/v2\/tags?post=6941"}],"curies":[{"name":"wp","href":"https:\/\/api.w.org\/{rel}","templated":true}]}}