{"id":6951,"date":"2017-06-27T10:42:51","date_gmt":"2017-06-27T10:42:51","guid":{"rendered":"http:\/\/staging.ibermusicas.org\/?p=6951"},"modified":"2021-06-14T10:44:18","modified_gmt":"2021-06-14T10:44:18","slug":"dona-glorinha-do-coco-de-brasil-viaja-rumbo-a-cuba-para-presentarse-en-el-xxxvii-festival-del-caribe","status":"publish","type":"post","link":"http:\/\/staging.ibermusicas.org\/index.php\/dona-glorinha-do-coco-de-brasil-viaja-rumbo-a-cuba-para-presentarse-en-el-xxxvii-festival-del-caribe\/","title":{"rendered":"Do\u00f1a Glorinha do Coco de Brasil viaja rumbo a Cuba para presentarse en el XXXVII Festival del Caribe"},"content":{"rendered":"<p><span data-sheets-value=\"{&quot;1&quot;:2,&quot;2&quot;:&quot;Do\u00f1a Glorinha do Coco partir\u00e1 el 1 de julio, rumbo a Santiago de Cuba, para presentaciones en el XXXVII Festival del Caribe, este a\u00f1o dedicado a la cultura popular de la isla de Bonaire, municipio especial de los Pa\u00edses Bajos y Un territorio de ultramar de la Uni\u00f3n Europea. &quot;}\" data-sheets-userformat=\"{&quot;2&quot;:513,&quot;3&quot;:{&quot;1&quot;:0},&quot;12&quot;:0}\">Do\u00f1a Glorinha do Coco partir\u00e1 el 1 de julio, rumbo a Santiago de Cuba, para presentaciones en el XXXVII Festival del Caribe, este a\u00f1o dedicado a la cultura popular de la isla de Bonaire, municipio especial de los Pa\u00edses Bajos y Un territorio de ultramar de la Uni\u00f3n Europea. <\/span><\/p>\n","protected":false},"excerpt":{"rendered":"<p>Do\u00f1a Glorinha do Coco partir\u00e1 el 1 de julio, rumbo a Santiago de Cuba, para presentaciones en el XXXVII Festival del Caribe, este a\u00f1o dedicado a la cultura popular de la isla de Bonaire, municipio especial de los Pa\u00edses Bajos y Un territorio de ultramar de la Uni\u00f3n Europea.<\/p>\n","protected":false},"author":1,"featured_media":6952,"comment_status":"closed","ping_status":"closed","sticky":false,"template":"","format":"standard","meta":{"footnotes":""},"categories":[53],"tags":[],"class_list":["post-6951","post","type-post","status-publish","format-standard","has-post-thumbnail","hentry","category-noticias-generales"],"lang":"es","translations":{"es":6951},"pll_sync_post":[],"post_mailing_queue_ids":[],"_links":{"self":[{"href":"http:\/\/staging.ibermusicas.org\/index.php\/wp-json\/wp\/v2\/posts\/6951","targetHints":{"allow":["GET"]}}],"collection":[{"href":"http:\/\/staging.ibermusicas.org\/index.php\/wp-json\/wp\/v2\/posts"}],"about":[{"href":"http:\/\/staging.ibermusicas.org\/index.php\/wp-json\/wp\/v2\/types\/post"}],"author":[{"embeddable":true,"href":"http:\/\/staging.ibermusicas.org\/index.php\/wp-json\/wp\/v2\/users\/1"}],"replies":[{"embeddable":true,"href":"http:\/\/staging.ibermusicas.org\/index.php\/wp-json\/wp\/v2\/comments?post=6951"}],"version-history":[{"count":1,"href":"http:\/\/staging.ibermusicas.org\/index.php\/wp-json\/wp\/v2\/posts\/6951\/revisions"}],"predecessor-version":[{"id":6953,"href":"http:\/\/staging.ibermusicas.org\/index.php\/wp-json\/wp\/v2\/posts\/6951\/revisions\/6953"}],"wp:featuredmedia":[{"embeddable":true,"href":"http:\/\/staging.ibermusicas.org\/index.php\/wp-json\/wp\/v2\/media\/6952"}],"wp:attachment":[{"href":"http:\/\/staging.ibermusicas.org\/index.php\/wp-json\/wp\/v2\/media?parent=6951"}],"wp:term":[{"taxonomy":"category","embeddable":true,"href":"http:\/\/staging.ibermusicas.org\/index.php\/wp-json\/wp\/v2\/categories?post=6951"},{"taxonomy":"post_tag","embeddable":true,"href":"http:\/\/staging.ibermusicas.org\/index.php\/wp-json\/wp\/v2\/tags?post=6951"}],"curies":[{"name":"wp","href":"https:\/\/api.w.org\/{rel}","templated":true}]}}