{"id":6957,"date":"2017-07-20T10:45:43","date_gmt":"2017-07-20T10:45:43","guid":{"rendered":"http:\/\/staging.ibermusicas.org\/?p=6957"},"modified":"2021-06-14T10:46:48","modified_gmt":"2021-06-14T10:46:48","slug":"ponemos-a-disposicion-una-caja-de-herramientas-para-los-artistas-de-iberoamerica","status":"publish","type":"post","link":"http:\/\/staging.ibermusicas.org\/index.php\/ponemos-a-disposicion-una-caja-de-herramientas-para-los-artistas-de-iberoamerica\/","title":{"rendered":"Ponemos a disposici\u00f3n una \u00abCaja de herramientas\u00bb para los artistas de iberoamerica"},"content":{"rendered":"<p><span data-sheets-value=\"{&quot;1&quot;:2,&quot;2&quot;:&quot;Gracias a la generosidad del Ministerio de Cultura de Colombia, desde Iberm\u00fasicas les proponemos a los artistas de iberoamerica una \\&quot;Caja de herramientas\\&quot; que identifica factores y condiciones de sostenibilidad y mejoramiento de procesos de producci\u00f3n, creaci\u00f3n y circulaci\u00f3n en el campo de la m\u00fasica, desde una perspectiva de innovaci\u00f3n organizacional e institucional.\\r \\r &quot;}\" data-sheets-userformat=\"{&quot;2&quot;:513,&quot;3&quot;:{&quot;1&quot;:0},&quot;12&quot;:0}\">Gracias a la generosidad del Ministerio de Cultura de Colombia, desde Iberm\u00fasicas les proponemos a los artistas de iberoamerica una \u00abCaja de herramientas\u00bb que identifica factores y condiciones de sostenibilidad y mejoramiento de procesos de producci\u00f3n, creaci\u00f3n y circulaci\u00f3n en el campo de la m\u00fasica, desde una perspectiva de innovaci\u00f3n organizacional e institucional. <\/span><\/p>\n","protected":false},"excerpt":{"rendered":"<p>Gracias a la generosidad del Ministerio de Cultura de Colombia, desde Iberm\u00fasicas les proponemos a los artistas de iberoamerica una \u00abCaja de herramientas\u00bb que identifica factores y condiciones de sostenibilidad y mejoramiento de procesos de producci\u00f3n, creaci\u00f3n y circulaci\u00f3n en el campo de la m\u00fasica, desde una perspectiva de innovaci\u00f3n organizacional e institucional.<\/p>\n","protected":false},"author":1,"featured_media":6958,"comment_status":"closed","ping_status":"closed","sticky":false,"template":"","format":"standard","meta":{"footnotes":""},"categories":[53],"tags":[],"class_list":["post-6957","post","type-post","status-publish","format-standard","has-post-thumbnail","hentry","category-noticias-generales"],"lang":"es","translations":{"es":6957},"pll_sync_post":[],"post_mailing_queue_ids":[],"_links":{"self":[{"href":"http:\/\/staging.ibermusicas.org\/index.php\/wp-json\/wp\/v2\/posts\/6957","targetHints":{"allow":["GET"]}}],"collection":[{"href":"http:\/\/staging.ibermusicas.org\/index.php\/wp-json\/wp\/v2\/posts"}],"about":[{"href":"http:\/\/staging.ibermusicas.org\/index.php\/wp-json\/wp\/v2\/types\/post"}],"author":[{"embeddable":true,"href":"http:\/\/staging.ibermusicas.org\/index.php\/wp-json\/wp\/v2\/users\/1"}],"replies":[{"embeddable":true,"href":"http:\/\/staging.ibermusicas.org\/index.php\/wp-json\/wp\/v2\/comments?post=6957"}],"version-history":[{"count":1,"href":"http:\/\/staging.ibermusicas.org\/index.php\/wp-json\/wp\/v2\/posts\/6957\/revisions"}],"predecessor-version":[{"id":6959,"href":"http:\/\/staging.ibermusicas.org\/index.php\/wp-json\/wp\/v2\/posts\/6957\/revisions\/6959"}],"wp:featuredmedia":[{"embeddable":true,"href":"http:\/\/staging.ibermusicas.org\/index.php\/wp-json\/wp\/v2\/media\/6958"}],"wp:attachment":[{"href":"http:\/\/staging.ibermusicas.org\/index.php\/wp-json\/wp\/v2\/media?parent=6957"}],"wp:term":[{"taxonomy":"category","embeddable":true,"href":"http:\/\/staging.ibermusicas.org\/index.php\/wp-json\/wp\/v2\/categories?post=6957"},{"taxonomy":"post_tag","embeddable":true,"href":"http:\/\/staging.ibermusicas.org\/index.php\/wp-json\/wp\/v2\/tags?post=6957"}],"curies":[{"name":"wp","href":"https:\/\/api.w.org\/{rel}","templated":true}]}}