{"id":6960,"date":"2017-07-02T10:48:19","date_gmt":"2017-07-02T10:48:19","guid":{"rendered":"http:\/\/staging.ibermusicas.org\/?p=6960"},"modified":"2021-06-14T10:49:31","modified_gmt":"2021-06-14T10:49:31","slug":"desde-colombia-el-coro-iuventus-de-la-fundacion-sirenaica-viaja-a-ecuador-para-presentarse-en-festivales-corales-de-quito-y-guayaquil","status":"publish","type":"post","link":"http:\/\/staging.ibermusicas.org\/index.php\/desde-colombia-el-coro-iuventus-de-la-fundacion-sirenaica-viaja-a-ecuador-para-presentarse-en-festivales-corales-de-quito-y-guayaquil\/","title":{"rendered":"Desde Colombia el Coro Iuventus de la Fundaci\u00f3n Sirenaica viaja a Ecuador para presentarse en festivales corales de Quito y Guayaquil"},"content":{"rendered":"<p><span data-sheets-value=\"{&quot;1&quot;:2,&quot;2&quot;:&quot;Iuventus es un coro juvenil avanzado integrado por 48 j\u00f3venes que comenzaron el entrenamiento coral en los programas infantiles de la Fundaci\u00f3n Sirenaica. Iuventus trabaja un repertorio muy amplio cuya tem\u00e1tica es la cultura universal y propia. A la vez busca educar a los j\u00f3venes a trav\u00e9s de la m\u00fasica.&quot;}\" data-sheets-userformat=\"{&quot;2&quot;:513,&quot;3&quot;:{&quot;1&quot;:0},&quot;12&quot;:0}\">Iuventus es un coro juvenil avanzado integrado por 48 j\u00f3venes que comenzaron el entrenamiento coral en los programas infantiles de la Fundaci\u00f3n Sirenaica. Iuventus trabaja un repertorio muy amplio cuya tem\u00e1tica es la cultura universal y propia. A la vez busca educar a los j\u00f3venes a trav\u00e9s de la m\u00fasica.<\/span><\/p>\n","protected":false},"excerpt":{"rendered":"<p>Iuventus es un coro juvenil avanzado integrado por 48 j\u00f3venes que comenzaron el entrenamiento coral en los programas infantiles de la Fundaci\u00f3n Sirenaica. Iuventus trabaja un repertorio muy amplio cuya tem\u00e1tica es la cultura universal y propia. A la vez busca educar a los j\u00f3venes a trav\u00e9s de la m\u00fasica.<\/p>\n","protected":false},"author":1,"featured_media":6961,"comment_status":"closed","ping_status":"closed","sticky":false,"template":"","format":"standard","meta":{"footnotes":""},"categories":[53],"tags":[],"class_list":["post-6960","post","type-post","status-publish","format-standard","has-post-thumbnail","hentry","category-noticias-generales"],"lang":"es","translations":{"es":6960},"pll_sync_post":[],"post_mailing_queue_ids":[],"_links":{"self":[{"href":"http:\/\/staging.ibermusicas.org\/index.php\/wp-json\/wp\/v2\/posts\/6960","targetHints":{"allow":["GET"]}}],"collection":[{"href":"http:\/\/staging.ibermusicas.org\/index.php\/wp-json\/wp\/v2\/posts"}],"about":[{"href":"http:\/\/staging.ibermusicas.org\/index.php\/wp-json\/wp\/v2\/types\/post"}],"author":[{"embeddable":true,"href":"http:\/\/staging.ibermusicas.org\/index.php\/wp-json\/wp\/v2\/users\/1"}],"replies":[{"embeddable":true,"href":"http:\/\/staging.ibermusicas.org\/index.php\/wp-json\/wp\/v2\/comments?post=6960"}],"version-history":[{"count":2,"href":"http:\/\/staging.ibermusicas.org\/index.php\/wp-json\/wp\/v2\/posts\/6960\/revisions"}],"predecessor-version":[{"id":6963,"href":"http:\/\/staging.ibermusicas.org\/index.php\/wp-json\/wp\/v2\/posts\/6960\/revisions\/6963"}],"wp:featuredmedia":[{"embeddable":true,"href":"http:\/\/staging.ibermusicas.org\/index.php\/wp-json\/wp\/v2\/media\/6961"}],"wp:attachment":[{"href":"http:\/\/staging.ibermusicas.org\/index.php\/wp-json\/wp\/v2\/media?parent=6960"}],"wp:term":[{"taxonomy":"category","embeddable":true,"href":"http:\/\/staging.ibermusicas.org\/index.php\/wp-json\/wp\/v2\/categories?post=6960"},{"taxonomy":"post_tag","embeddable":true,"href":"http:\/\/staging.ibermusicas.org\/index.php\/wp-json\/wp\/v2\/tags?post=6960"}],"curies":[{"name":"wp","href":"https:\/\/api.w.org\/{rel}","templated":true}]}}