{"id":6964,"date":"2017-07-17T10:49:46","date_gmt":"2017-07-17T10:49:46","guid":{"rendered":"http:\/\/staging.ibermusicas.org\/?p=6964"},"modified":"2021-06-14T10:50:45","modified_gmt":"2021-06-14T10:50:45","slug":"imel-y-embaixada-cultural-de-brasil-anuncian-los-ganadores-de-las-residencias-imersao-latina-2","status":"publish","type":"post","link":"http:\/\/staging.ibermusicas.org\/index.php\/imel-y-embaixada-cultural-de-brasil-anuncian-los-ganadores-de-las-residencias-imersao-latina-2\/","title":{"rendered":"IMEL y Embaixada Cultural de Brasil anuncian los ganadores de las residencias Imers\u00e3o Latina #2"},"content":{"rendered":"<p><span data-sheets-value=\"{&quot;1&quot;:2,&quot;2&quot;:&quot;La Residencia Imers\u00e3o Latina reunir\u00e1 a cinco m\u00fasicos latinoamericanos en Belo Horizonte. Durante tres semanas artistas de Chile, Per\u00fa, Argentina y Brasil se re\u00fanen para crear y grabar m\u00fasica juntos. La residencia se propone aproximar distintas realidades latinoamericanas de la escena de la m\u00fasica independiente.&quot;}\" data-sheets-userformat=\"{&quot;2&quot;:515,&quot;3&quot;:{&quot;1&quot;:0},&quot;4&quot;:{&quot;1&quot;:2,&quot;2&quot;:13822754},&quot;12&quot;:0}\">La Residencia Imers\u00e3o Latina reunir\u00e1 a cinco m\u00fasicos latinoamericanos en Belo Horizonte. Durante tres semanas artistas de Chile, Per\u00fa, Argentina y Brasil se re\u00fanen para crear y grabar m\u00fasica juntos. La residencia se propone aproximar distintas realidades latinoamericanas de la escena de la m\u00fasica independiente.<\/span><\/p>\n","protected":false},"excerpt":{"rendered":"<p>La Residencia Imers\u00e3o Latina reunir\u00e1 a cinco m\u00fasicos latinoamericanos en Belo Horizonte. Durante tres semanas artistas de Chile, Per\u00fa, Argentina y Brasil se re\u00fanen para crear y grabar m\u00fasica juntos. La residencia se propone aproximar distintas realidades latinoamericanas de la escena de la m\u00fasica independiente.<\/p>\n","protected":false},"author":1,"featured_media":6965,"comment_status":"closed","ping_status":"closed","sticky":false,"template":"","format":"standard","meta":{"footnotes":""},"categories":[53],"tags":[],"class_list":["post-6964","post","type-post","status-publish","format-standard","has-post-thumbnail","hentry","category-noticias-generales"],"lang":"es","translations":{"es":6964},"pll_sync_post":[],"post_mailing_queue_ids":[],"_links":{"self":[{"href":"http:\/\/staging.ibermusicas.org\/index.php\/wp-json\/wp\/v2\/posts\/6964","targetHints":{"allow":["GET"]}}],"collection":[{"href":"http:\/\/staging.ibermusicas.org\/index.php\/wp-json\/wp\/v2\/posts"}],"about":[{"href":"http:\/\/staging.ibermusicas.org\/index.php\/wp-json\/wp\/v2\/types\/post"}],"author":[{"embeddable":true,"href":"http:\/\/staging.ibermusicas.org\/index.php\/wp-json\/wp\/v2\/users\/1"}],"replies":[{"embeddable":true,"href":"http:\/\/staging.ibermusicas.org\/index.php\/wp-json\/wp\/v2\/comments?post=6964"}],"version-history":[{"count":1,"href":"http:\/\/staging.ibermusicas.org\/index.php\/wp-json\/wp\/v2\/posts\/6964\/revisions"}],"predecessor-version":[{"id":6966,"href":"http:\/\/staging.ibermusicas.org\/index.php\/wp-json\/wp\/v2\/posts\/6964\/revisions\/6966"}],"wp:featuredmedia":[{"embeddable":true,"href":"http:\/\/staging.ibermusicas.org\/index.php\/wp-json\/wp\/v2\/media\/6965"}],"wp:attachment":[{"href":"http:\/\/staging.ibermusicas.org\/index.php\/wp-json\/wp\/v2\/media?parent=6964"}],"wp:term":[{"taxonomy":"category","embeddable":true,"href":"http:\/\/staging.ibermusicas.org\/index.php\/wp-json\/wp\/v2\/categories?post=6964"},{"taxonomy":"post_tag","embeddable":true,"href":"http:\/\/staging.ibermusicas.org\/index.php\/wp-json\/wp\/v2\/tags?post=6964"}],"curies":[{"name":"wp","href":"https:\/\/api.w.org\/{rel}","templated":true}]}}