{"id":6969,"date":"2017-06-25T10:52:08","date_gmt":"2017-06-25T10:52:08","guid":{"rendered":"http:\/\/staging.ibermusicas.org\/?p=6969"},"modified":"2021-06-14T10:52:53","modified_gmt":"2021-06-14T10:52:53","slug":"el-duo-brasileno-vocez-sinergicas-viajara-a-mexico-para-realizar-talleres-y-conciertos","status":"publish","type":"post","link":"http:\/\/staging.ibermusicas.org\/index.php\/el-duo-brasileno-vocez-sinergicas-viajara-a-mexico-para-realizar-talleres-y-conciertos\/","title":{"rendered":"El d\u00fao brasile\u00f1o Vocez Sin\u00e9rgicas viajar\u00e1 a M\u00e9xico para realizar talleres y conciertos"},"content":{"rendered":"<p><span data-sheets-value=\"{&quot;1&quot;:2,&quot;2&quot;:&quot;Vozes Sin\u00e9rgicas es el d\u00fao integrado por Ritamaria y Barulho Max, m\u00fasicos y educadores musicales que llevan adelante proyectos de car\u00e1cter art\u00edstico y formativo. &quot;}\" data-sheets-userformat=\"{&quot;2&quot;:513,&quot;3&quot;:{&quot;1&quot;:0},&quot;12&quot;:0}\">Vozes Sin\u00e9rgicas es el d\u00fao integrado por Ritamaria y Barulho Max, m\u00fasicos y educadores musicales que llevan adelante proyectos de car\u00e1cter art\u00edstico y formativo. <\/span><\/p>\n","protected":false},"excerpt":{"rendered":"<p>Vozes Sin\u00e9rgicas es el d\u00fao integrado por Ritamaria y Barulho Max, m\u00fasicos y educadores musicales que llevan adelante proyectos de car\u00e1cter art\u00edstico y formativo.<\/p>\n","protected":false},"author":1,"featured_media":6968,"comment_status":"closed","ping_status":"closed","sticky":false,"template":"","format":"standard","meta":{"footnotes":""},"categories":[53],"tags":[],"class_list":["post-6969","post","type-post","status-publish","format-standard","has-post-thumbnail","hentry","category-noticias-generales"],"lang":"es","translations":{"es":6969},"pll_sync_post":[],"post_mailing_queue_ids":[],"_links":{"self":[{"href":"http:\/\/staging.ibermusicas.org\/index.php\/wp-json\/wp\/v2\/posts\/6969","targetHints":{"allow":["GET"]}}],"collection":[{"href":"http:\/\/staging.ibermusicas.org\/index.php\/wp-json\/wp\/v2\/posts"}],"about":[{"href":"http:\/\/staging.ibermusicas.org\/index.php\/wp-json\/wp\/v2\/types\/post"}],"author":[{"embeddable":true,"href":"http:\/\/staging.ibermusicas.org\/index.php\/wp-json\/wp\/v2\/users\/1"}],"replies":[{"embeddable":true,"href":"http:\/\/staging.ibermusicas.org\/index.php\/wp-json\/wp\/v2\/comments?post=6969"}],"version-history":[{"count":1,"href":"http:\/\/staging.ibermusicas.org\/index.php\/wp-json\/wp\/v2\/posts\/6969\/revisions"}],"predecessor-version":[{"id":6970,"href":"http:\/\/staging.ibermusicas.org\/index.php\/wp-json\/wp\/v2\/posts\/6969\/revisions\/6970"}],"wp:featuredmedia":[{"embeddable":true,"href":"http:\/\/staging.ibermusicas.org\/index.php\/wp-json\/wp\/v2\/media\/6968"}],"wp:attachment":[{"href":"http:\/\/staging.ibermusicas.org\/index.php\/wp-json\/wp\/v2\/media?parent=6969"}],"wp:term":[{"taxonomy":"category","embeddable":true,"href":"http:\/\/staging.ibermusicas.org\/index.php\/wp-json\/wp\/v2\/categories?post=6969"},{"taxonomy":"post_tag","embeddable":true,"href":"http:\/\/staging.ibermusicas.org\/index.php\/wp-json\/wp\/v2\/tags?post=6969"}],"curies":[{"name":"wp","href":"https:\/\/api.w.org\/{rel}","templated":true}]}}