{"id":6971,"date":"2017-06-30T10:53:01","date_gmt":"2017-06-30T10:53:01","guid":{"rendered":"http:\/\/staging.ibermusicas.org\/?p=6971"},"modified":"2021-06-14T10:54:13","modified_gmt":"2021-06-14T10:54:13","slug":"se-realizara-en-la-ciudad-de-lima-la-octava-edicion-del-guitar-fest-peru","status":"publish","type":"post","link":"http:\/\/staging.ibermusicas.org\/index.php\/se-realizara-en-la-ciudad-de-lima-la-octava-edicion-del-guitar-fest-peru\/","title":{"rendered":"Se realizar\u00e1 en la ciudad de Lima la octava edici\u00f3n del Guitar Fest Per\u00fa"},"content":{"rendered":"<p><span data-sheets-value=\"{&quot;1&quot;:2,&quot;2&quot;:&quot;Llega una nueva edici\u00f3n del Festival que homenajea y rinde culto a todas las expresiones de la guitarra solista. &quot;}\" data-sheets-userformat=\"{&quot;2&quot;:513,&quot;3&quot;:{&quot;1&quot;:0},&quot;12&quot;:0}\">Llega una nueva edici\u00f3n del Festival que homenajea y rinde culto a todas las expresiones de la guitarra solista. <\/span><\/p>\n","protected":false},"excerpt":{"rendered":"<p>Llega una nueva edici\u00f3n del Festival que homenajea y rinde culto a todas las expresiones de la guitarra solista.<\/p>\n","protected":false},"author":1,"featured_media":6972,"comment_status":"closed","ping_status":"closed","sticky":false,"template":"","format":"standard","meta":{"footnotes":""},"categories":[53],"tags":[],"class_list":["post-6971","post","type-post","status-publish","format-standard","has-post-thumbnail","hentry","category-noticias-generales"],"lang":"es","translations":{"es":6971},"pll_sync_post":[],"post_mailing_queue_ids":[],"_links":{"self":[{"href":"http:\/\/staging.ibermusicas.org\/index.php\/wp-json\/wp\/v2\/posts\/6971","targetHints":{"allow":["GET"]}}],"collection":[{"href":"http:\/\/staging.ibermusicas.org\/index.php\/wp-json\/wp\/v2\/posts"}],"about":[{"href":"http:\/\/staging.ibermusicas.org\/index.php\/wp-json\/wp\/v2\/types\/post"}],"author":[{"embeddable":true,"href":"http:\/\/staging.ibermusicas.org\/index.php\/wp-json\/wp\/v2\/users\/1"}],"replies":[{"embeddable":true,"href":"http:\/\/staging.ibermusicas.org\/index.php\/wp-json\/wp\/v2\/comments?post=6971"}],"version-history":[{"count":1,"href":"http:\/\/staging.ibermusicas.org\/index.php\/wp-json\/wp\/v2\/posts\/6971\/revisions"}],"predecessor-version":[{"id":6973,"href":"http:\/\/staging.ibermusicas.org\/index.php\/wp-json\/wp\/v2\/posts\/6971\/revisions\/6973"}],"wp:featuredmedia":[{"embeddable":true,"href":"http:\/\/staging.ibermusicas.org\/index.php\/wp-json\/wp\/v2\/media\/6972"}],"wp:attachment":[{"href":"http:\/\/staging.ibermusicas.org\/index.php\/wp-json\/wp\/v2\/media?parent=6971"}],"wp:term":[{"taxonomy":"category","embeddable":true,"href":"http:\/\/staging.ibermusicas.org\/index.php\/wp-json\/wp\/v2\/categories?post=6971"},{"taxonomy":"post_tag","embeddable":true,"href":"http:\/\/staging.ibermusicas.org\/index.php\/wp-json\/wp\/v2\/tags?post=6971"}],"curies":[{"name":"wp","href":"https:\/\/api.w.org\/{rel}","templated":true}]}}