{"id":6974,"date":"2017-07-01T10:54:20","date_gmt":"2017-07-01T10:54:20","guid":{"rendered":"http:\/\/staging.ibermusicas.org\/?p=6974"},"modified":"2021-06-14T10:55:34","modified_gmt":"2021-06-14T10:55:34","slug":"bri-celtic-folk-el-trio-argentino-de-musica-celta-sera-parte-de-la-programacion-del-iv-festival-interceltico-de-costa-rica-en-el-marco-del-fia","status":"publish","type":"post","link":"http:\/\/staging.ibermusicas.org\/index.php\/bri-celtic-folk-el-trio-argentino-de-musica-celta-sera-parte-de-la-programacion-del-iv-festival-interceltico-de-costa-rica-en-el-marco-del-fia\/","title":{"rendered":"Bri Celtic Folk, el tr\u00edo argentino de m\u00fasica celta, ser\u00e1 parte de la programaci\u00f3n del IV Festival Interc\u00e9ltico de Costa Rica en el marco del FIA"},"content":{"rendered":"<p><span data-sheets-value=\"{&quot;1&quot;:2,&quot;2&quot;:&quot;Bri \u2013 Celtic Folk, es un tr\u00edo de m\u00fasica celta formado en el 2015 por m\u00fasicos de gran trayectoria tanto en Argentina como en el extranjero. &quot;}\" data-sheets-userformat=\"{&quot;2&quot;:513,&quot;3&quot;:{&quot;1&quot;:0},&quot;12&quot;:0}\">Bri \u2013 Celtic Folk, es un tr\u00edo de m\u00fasica celta formado en el 2015 por m\u00fasicos de gran trayectoria tanto en Argentina como en el extranjero. <\/span><\/p>\n","protected":false},"excerpt":{"rendered":"<p>Bri \u2013 Celtic Folk, es un tr\u00edo de m\u00fasica celta formado en el 2015 por m\u00fasicos de gran trayectoria tanto en Argentina como en el extranjero.<\/p>\n","protected":false},"author":1,"featured_media":6975,"comment_status":"closed","ping_status":"closed","sticky":false,"template":"","format":"standard","meta":{"footnotes":""},"categories":[53],"tags":[],"class_list":["post-6974","post","type-post","status-publish","format-standard","has-post-thumbnail","hentry","category-noticias-generales"],"lang":"es","translations":{"es":6974},"pll_sync_post":[],"post_mailing_queue_ids":[],"_links":{"self":[{"href":"http:\/\/staging.ibermusicas.org\/index.php\/wp-json\/wp\/v2\/posts\/6974","targetHints":{"allow":["GET"]}}],"collection":[{"href":"http:\/\/staging.ibermusicas.org\/index.php\/wp-json\/wp\/v2\/posts"}],"about":[{"href":"http:\/\/staging.ibermusicas.org\/index.php\/wp-json\/wp\/v2\/types\/post"}],"author":[{"embeddable":true,"href":"http:\/\/staging.ibermusicas.org\/index.php\/wp-json\/wp\/v2\/users\/1"}],"replies":[{"embeddable":true,"href":"http:\/\/staging.ibermusicas.org\/index.php\/wp-json\/wp\/v2\/comments?post=6974"}],"version-history":[{"count":2,"href":"http:\/\/staging.ibermusicas.org\/index.php\/wp-json\/wp\/v2\/posts\/6974\/revisions"}],"predecessor-version":[{"id":6977,"href":"http:\/\/staging.ibermusicas.org\/index.php\/wp-json\/wp\/v2\/posts\/6974\/revisions\/6977"}],"wp:featuredmedia":[{"embeddable":true,"href":"http:\/\/staging.ibermusicas.org\/index.php\/wp-json\/wp\/v2\/media\/6975"}],"wp:attachment":[{"href":"http:\/\/staging.ibermusicas.org\/index.php\/wp-json\/wp\/v2\/media?parent=6974"}],"wp:term":[{"taxonomy":"category","embeddable":true,"href":"http:\/\/staging.ibermusicas.org\/index.php\/wp-json\/wp\/v2\/categories?post=6974"},{"taxonomy":"post_tag","embeddable":true,"href":"http:\/\/staging.ibermusicas.org\/index.php\/wp-json\/wp\/v2\/tags?post=6974"}],"curies":[{"name":"wp","href":"https:\/\/api.w.org\/{rel}","templated":true}]}}