{"id":6981,"date":"2017-07-20T10:57:08","date_gmt":"2017-07-20T10:57:08","guid":{"rendered":"http:\/\/staging.ibermusicas.org\/?p=6981"},"modified":"2021-06-14T10:58:16","modified_gmt":"2021-06-14T10:58:16","slug":"el-gran-charanguista-argentino-patricio-sullivan-se-presentara-en-el-xi-festival-internacional-del-charango-peruano-de-arequipa-peru","status":"publish","type":"post","link":"http:\/\/staging.ibermusicas.org\/index.php\/el-gran-charanguista-argentino-patricio-sullivan-se-presentara-en-el-xi-festival-internacional-del-charango-peruano-de-arequipa-peru\/","title":{"rendered":"El gran charanguista argentino Patricio Sullivan se presentar\u00e1 en el XI Festival Internacional del Charango Peruano de Arequipa, Per\u00fa"},"content":{"rendered":"<p><span data-sheets-value=\"{&quot;1&quot;:2,&quot;2&quot;:&quot;En la ciudad de Arequipa, Per\u00fa, del 31 de julio al 5 de agosto, se llevar\u00e1n a cabo m\u00faltiples actividades en torno a este maravilloso instrumento musical que es una marca de identidad de las naciones andinas del sur.&quot;}\" data-sheets-userformat=\"{&quot;2&quot;:513,&quot;3&quot;:{&quot;1&quot;:0},&quot;12&quot;:0}\">En la ciudad de Arequipa, Per\u00fa, del 31 de julio al 5 de agosto, se llevar\u00e1n a cabo m\u00faltiples actividades en torno a este maravilloso instrumento musical que es una marca de identidad de las naciones andinas del sur.<\/span><\/p>\n","protected":false},"excerpt":{"rendered":"<p>En la ciudad de Arequipa, Per\u00fa, del 31 de julio al 5 de agosto, se llevar\u00e1n a cabo m\u00faltiples actividades en torno a este maravilloso instrumento musical que es una marca de identidad de las naciones andinas del sur.<\/p>\n","protected":false},"author":1,"featured_media":6982,"comment_status":"closed","ping_status":"closed","sticky":false,"template":"","format":"standard","meta":{"footnotes":""},"categories":[53],"tags":[],"class_list":["post-6981","post","type-post","status-publish","format-standard","has-post-thumbnail","hentry","category-noticias-generales"],"lang":"es","translations":{"es":6981},"pll_sync_post":[],"post_mailing_queue_ids":[],"_links":{"self":[{"href":"http:\/\/staging.ibermusicas.org\/index.php\/wp-json\/wp\/v2\/posts\/6981","targetHints":{"allow":["GET"]}}],"collection":[{"href":"http:\/\/staging.ibermusicas.org\/index.php\/wp-json\/wp\/v2\/posts"}],"about":[{"href":"http:\/\/staging.ibermusicas.org\/index.php\/wp-json\/wp\/v2\/types\/post"}],"author":[{"embeddable":true,"href":"http:\/\/staging.ibermusicas.org\/index.php\/wp-json\/wp\/v2\/users\/1"}],"replies":[{"embeddable":true,"href":"http:\/\/staging.ibermusicas.org\/index.php\/wp-json\/wp\/v2\/comments?post=6981"}],"version-history":[{"count":1,"href":"http:\/\/staging.ibermusicas.org\/index.php\/wp-json\/wp\/v2\/posts\/6981\/revisions"}],"predecessor-version":[{"id":6983,"href":"http:\/\/staging.ibermusicas.org\/index.php\/wp-json\/wp\/v2\/posts\/6981\/revisions\/6983"}],"wp:featuredmedia":[{"embeddable":true,"href":"http:\/\/staging.ibermusicas.org\/index.php\/wp-json\/wp\/v2\/media\/6982"}],"wp:attachment":[{"href":"http:\/\/staging.ibermusicas.org\/index.php\/wp-json\/wp\/v2\/media?parent=6981"}],"wp:term":[{"taxonomy":"category","embeddable":true,"href":"http:\/\/staging.ibermusicas.org\/index.php\/wp-json\/wp\/v2\/categories?post=6981"},{"taxonomy":"post_tag","embeddable":true,"href":"http:\/\/staging.ibermusicas.org\/index.php\/wp-json\/wp\/v2\/tags?post=6981"}],"curies":[{"name":"wp","href":"https:\/\/api.w.org\/{rel}","templated":true}]}}