{"id":6984,"date":"2017-08-01T10:58:26","date_gmt":"2017-08-01T10:58:26","guid":{"rendered":"http:\/\/staging.ibermusicas.org\/?p=6984"},"modified":"2021-06-14T10:59:57","modified_gmt":"2021-06-14T10:59:57","slug":"la-agrupacion-mexicana-los-pachamama-se-presentara-en-la-jornada-cucalambeana-de-las-tunas-cuba","status":"publish","type":"post","link":"http:\/\/staging.ibermusicas.org\/index.php\/la-agrupacion-mexicana-los-pachamama-se-presentara-en-la-jornada-cucalambeana-de-las-tunas-cuba\/","title":{"rendered":"La agrupaci\u00f3n Mexicana Los Pachamama se presentar\u00e1 en la Jornada Cucalambeana de Las Tunas, Cuba"},"content":{"rendered":"<p><span data-sheets-value=\"{&quot;1&quot;:2,&quot;2&quot;:&quot;Con 30 a\u00f1os de experiencia art\u00edstica y de promoci\u00f3n cultural, esta agrupaci\u00f3n ha logrado concretarse como una de las mejores expresiones esc\u00e9nicas en M\u00e9xico, logrando conjugar desde la m\u00fasica popular mexicana hasta las m\u00e1s representativas m\u00fasicas de Am\u00e9rica Latina.&quot;}\" data-sheets-userformat=\"{&quot;2&quot;:513,&quot;3&quot;:{&quot;1&quot;:0},&quot;12&quot;:0}\">Con 30 a\u00f1os de experiencia art\u00edstica y de promoci\u00f3n cultural, esta agrupaci\u00f3n ha logrado concretarse como una de las mejores expresiones esc\u00e9nicas en M\u00e9xico, logrando conjugar desde la m\u00fasica popular mexicana hasta las m\u00e1s representativas m\u00fasicas de Am\u00e9rica Latina.<\/span><\/p>\n","protected":false},"excerpt":{"rendered":"<p>Con 30 a\u00f1os de experiencia art\u00edstica y de promoci\u00f3n cultural, esta agrupaci\u00f3n ha logrado concretarse como una de las mejores expresiones esc\u00e9nicas en M\u00e9xico, logrando conjugar desde la m\u00fasica popular mexicana hasta las m\u00e1s representativas m\u00fasicas de Am\u00e9rica Latina.<\/p>\n","protected":false},"author":1,"featured_media":6985,"comment_status":"closed","ping_status":"closed","sticky":false,"template":"","format":"standard","meta":{"footnotes":""},"categories":[53],"tags":[],"class_list":["post-6984","post","type-post","status-publish","format-standard","has-post-thumbnail","hentry","category-noticias-generales"],"lang":"es","translations":{"es":6984},"pll_sync_post":[],"post_mailing_queue_ids":[],"_links":{"self":[{"href":"http:\/\/staging.ibermusicas.org\/index.php\/wp-json\/wp\/v2\/posts\/6984","targetHints":{"allow":["GET"]}}],"collection":[{"href":"http:\/\/staging.ibermusicas.org\/index.php\/wp-json\/wp\/v2\/posts"}],"about":[{"href":"http:\/\/staging.ibermusicas.org\/index.php\/wp-json\/wp\/v2\/types\/post"}],"author":[{"embeddable":true,"href":"http:\/\/staging.ibermusicas.org\/index.php\/wp-json\/wp\/v2\/users\/1"}],"replies":[{"embeddable":true,"href":"http:\/\/staging.ibermusicas.org\/index.php\/wp-json\/wp\/v2\/comments?post=6984"}],"version-history":[{"count":1,"href":"http:\/\/staging.ibermusicas.org\/index.php\/wp-json\/wp\/v2\/posts\/6984\/revisions"}],"predecessor-version":[{"id":6986,"href":"http:\/\/staging.ibermusicas.org\/index.php\/wp-json\/wp\/v2\/posts\/6984\/revisions\/6986"}],"wp:featuredmedia":[{"embeddable":true,"href":"http:\/\/staging.ibermusicas.org\/index.php\/wp-json\/wp\/v2\/media\/6985"}],"wp:attachment":[{"href":"http:\/\/staging.ibermusicas.org\/index.php\/wp-json\/wp\/v2\/media?parent=6984"}],"wp:term":[{"taxonomy":"category","embeddable":true,"href":"http:\/\/staging.ibermusicas.org\/index.php\/wp-json\/wp\/v2\/categories?post=6984"},{"taxonomy":"post_tag","embeddable":true,"href":"http:\/\/staging.ibermusicas.org\/index.php\/wp-json\/wp\/v2\/tags?post=6984"}],"curies":[{"name":"wp","href":"https:\/\/api.w.org\/{rel}","templated":true}]}}