{"id":6990,"date":"2017-08-14T11:01:28","date_gmt":"2017-08-14T11:01:28","guid":{"rendered":"http:\/\/staging.ibermusicas.org\/?p=6990"},"modified":"2021-06-14T11:02:50","modified_gmt":"2021-06-14T11:02:50","slug":"el-grupo-de-folk-celta-peregrino-gris-lleva-su-propuesta-desde-costa-rica-hasta-espana-y-portugal","status":"publish","type":"post","link":"http:\/\/staging.ibermusicas.org\/index.php\/el-grupo-de-folk-celta-peregrino-gris-lleva-su-propuesta-desde-costa-rica-hasta-espana-y-portugal\/","title":{"rendered":"El grupo de folk celta Peregrino Gris lleva su propuesta desde Costa Rica hasta Espa\u00f1a y Portugal"},"content":{"rendered":"<p><span data-sheets-value=\"{&quot;1&quot;:2,&quot;2&quot;:&quot;Peregrino Gris es un grupo costarricense de m\u00fasica folk y celta. Su m\u00fasica se basa en las corrientes musicales tradicionales de Escocia, Irlanda y Galicia aport\u00e1ndoles una visi\u00f3n propia como artistas costarricenses. Llevan editados tres discos con m\u00fasica 100% original.&quot;}\" data-sheets-userformat=\"{&quot;2&quot;:513,&quot;3&quot;:{&quot;1&quot;:0},&quot;12&quot;:0}\">Peregrino Gris es un grupo costarricense de m\u00fasica folk y celta. Su m\u00fasica se basa en las corrientes musicales tradicionales de Escocia, Irlanda y Galicia aport\u00e1ndoles una visi\u00f3n propia como artistas costarricenses. Llevan editados tres discos con m\u00fasica 100% original.<\/span><\/p>\n","protected":false},"excerpt":{"rendered":"<p>Peregrino Gris es un grupo costarricense de m\u00fasica folk y celta. Su m\u00fasica se basa en las corrientes musicales tradicionales de Escocia, Irlanda y Galicia aport\u00e1ndoles una visi\u00f3n propia como artistas costarricenses. Llevan editados tres discos con m\u00fasica 100% original.<\/p>\n","protected":false},"author":1,"featured_media":6991,"comment_status":"closed","ping_status":"closed","sticky":false,"template":"","format":"standard","meta":{"footnotes":""},"categories":[53],"tags":[],"class_list":["post-6990","post","type-post","status-publish","format-standard","has-post-thumbnail","hentry","category-noticias-generales"],"lang":"es","translations":{"es":6990},"pll_sync_post":[],"post_mailing_queue_ids":[],"_links":{"self":[{"href":"http:\/\/staging.ibermusicas.org\/index.php\/wp-json\/wp\/v2\/posts\/6990","targetHints":{"allow":["GET"]}}],"collection":[{"href":"http:\/\/staging.ibermusicas.org\/index.php\/wp-json\/wp\/v2\/posts"}],"about":[{"href":"http:\/\/staging.ibermusicas.org\/index.php\/wp-json\/wp\/v2\/types\/post"}],"author":[{"embeddable":true,"href":"http:\/\/staging.ibermusicas.org\/index.php\/wp-json\/wp\/v2\/users\/1"}],"replies":[{"embeddable":true,"href":"http:\/\/staging.ibermusicas.org\/index.php\/wp-json\/wp\/v2\/comments?post=6990"}],"version-history":[{"count":1,"href":"http:\/\/staging.ibermusicas.org\/index.php\/wp-json\/wp\/v2\/posts\/6990\/revisions"}],"predecessor-version":[{"id":6992,"href":"http:\/\/staging.ibermusicas.org\/index.php\/wp-json\/wp\/v2\/posts\/6990\/revisions\/6992"}],"wp:featuredmedia":[{"embeddable":true,"href":"http:\/\/staging.ibermusicas.org\/index.php\/wp-json\/wp\/v2\/media\/6991"}],"wp:attachment":[{"href":"http:\/\/staging.ibermusicas.org\/index.php\/wp-json\/wp\/v2\/media?parent=6990"}],"wp:term":[{"taxonomy":"category","embeddable":true,"href":"http:\/\/staging.ibermusicas.org\/index.php\/wp-json\/wp\/v2\/categories?post=6990"},{"taxonomy":"post_tag","embeddable":true,"href":"http:\/\/staging.ibermusicas.org\/index.php\/wp-json\/wp\/v2\/tags?post=6990"}],"curies":[{"name":"wp","href":"https:\/\/api.w.org\/{rel}","templated":true}]}}