{"id":7002,"date":"2017-07-24T11:07:50","date_gmt":"2017-07-24T11:07:50","guid":{"rendered":"http:\/\/staging.ibermusicas.org\/?p=7002"},"modified":"2021-06-14T11:08:26","modified_gmt":"2021-06-14T11:08:26","slug":"con-multiples-actividades-se-llevara-adelante-el-festival-de-charango-de-arequipa-que-contara-con-la-presencia-del-gran-charanguista-argentino-patricio-sullivan","status":"publish","type":"post","link":"http:\/\/staging.ibermusicas.org\/index.php\/con-multiples-actividades-se-llevara-adelante-el-festival-de-charango-de-arequipa-que-contara-con-la-presencia-del-gran-charanguista-argentino-patricio-sullivan\/","title":{"rendered":"Con m\u00faltiples actividades se llevar\u00e1 adelante el Festival de Charango de Arequipa que contar\u00e1 con la presencia del gran charanguista argentino Patricio Sullivan"},"content":{"rendered":"<p><span data-sheets-value=\"{&quot;1&quot;:2,&quot;2&quot;:&quot;Con la presencia de grandes maestros del charango de Argentina, Bolivia, Chile y Per\u00fa se desarrollar\u00e1 durante los primeros d\u00edas de agosto el Festival de Charango de Arequipa. &quot;}\" data-sheets-userformat=\"{&quot;2&quot;:513,&quot;3&quot;:{&quot;1&quot;:0},&quot;12&quot;:0}\">Con la presencia de grandes maestros del charango de Argentina, Bolivia, Chile y Per\u00fa se desarrollar\u00e1 durante los primeros d\u00edas de agosto el Festival de Charango de Arequipa. <\/span><\/p>\n","protected":false},"excerpt":{"rendered":"<p>Con la presencia de grandes maestros del charango de Argentina, Bolivia, Chile y Per\u00fa se desarrollar\u00e1 durante los primeros d\u00edas de agosto el Festival de Charango de Arequipa.<\/p>\n","protected":false},"author":1,"featured_media":7001,"comment_status":"closed","ping_status":"closed","sticky":false,"template":"","format":"standard","meta":{"footnotes":""},"categories":[53,1],"tags":[],"class_list":["post-7002","post","type-post","status-publish","format-standard","has-post-thumbnail","hentry","category-noticias-generales","category-uncategorized"],"lang":"es","translations":{"es":7002},"pll_sync_post":[],"post_mailing_queue_ids":[],"_links":{"self":[{"href":"http:\/\/staging.ibermusicas.org\/index.php\/wp-json\/wp\/v2\/posts\/7002","targetHints":{"allow":["GET"]}}],"collection":[{"href":"http:\/\/staging.ibermusicas.org\/index.php\/wp-json\/wp\/v2\/posts"}],"about":[{"href":"http:\/\/staging.ibermusicas.org\/index.php\/wp-json\/wp\/v2\/types\/post"}],"author":[{"embeddable":true,"href":"http:\/\/staging.ibermusicas.org\/index.php\/wp-json\/wp\/v2\/users\/1"}],"replies":[{"embeddable":true,"href":"http:\/\/staging.ibermusicas.org\/index.php\/wp-json\/wp\/v2\/comments?post=7002"}],"version-history":[{"count":1,"href":"http:\/\/staging.ibermusicas.org\/index.php\/wp-json\/wp\/v2\/posts\/7002\/revisions"}],"predecessor-version":[{"id":7003,"href":"http:\/\/staging.ibermusicas.org\/index.php\/wp-json\/wp\/v2\/posts\/7002\/revisions\/7003"}],"wp:featuredmedia":[{"embeddable":true,"href":"http:\/\/staging.ibermusicas.org\/index.php\/wp-json\/wp\/v2\/media\/7001"}],"wp:attachment":[{"href":"http:\/\/staging.ibermusicas.org\/index.php\/wp-json\/wp\/v2\/media?parent=7002"}],"wp:term":[{"taxonomy":"category","embeddable":true,"href":"http:\/\/staging.ibermusicas.org\/index.php\/wp-json\/wp\/v2\/categories?post=7002"},{"taxonomy":"post_tag","embeddable":true,"href":"http:\/\/staging.ibermusicas.org\/index.php\/wp-json\/wp\/v2\/tags?post=7002"}],"curies":[{"name":"wp","href":"https:\/\/api.w.org\/{rel}","templated":true}]}}