{"id":7004,"date":"2017-10-01T11:08:40","date_gmt":"2017-10-01T11:08:40","guid":{"rendered":"http:\/\/staging.ibermusicas.org\/?p=7004"},"modified":"2021-06-14T11:13:48","modified_gmt":"2021-06-14T11:13:48","slug":"argentina-envia-a-chile-una-delegacion-artistica-para-la-conmemoracion-del-centenario-del-nacimiento-de-violeta-parra","status":"publish","type":"post","link":"http:\/\/staging.ibermusicas.org\/index.php\/argentina-envia-a-chile-una-delegacion-artistica-para-la-conmemoracion-del-centenario-del-nacimiento-de-violeta-parra\/","title":{"rendered":"Argentina env\u00eda a Chile una delegaci\u00f3n art\u00edstica para la conmemoraci\u00f3n del centenario del nacimiento de Violeta Parra"},"content":{"rendered":"<p><span data-sheets-value=\"{&quot;1&quot;:2,&quot;2&quot;:&quot;Como un aporte especial para una fecha se\u00f1era que une a todos los artistas y a los amantes de la m\u00fasica y la poes\u00eda de nuestro continente bajo el querido nombre de Violeta Parra, Iberm\u00fasicas Argentina ha elegido a dos grandes artistas argentinas que trabajan sobre el legado de Violeta para que sean parte de los actos conmemorativos de los cien a\u00f1os de su natalicio.&quot;}\" data-sheets-userformat=\"{&quot;2&quot;:515,&quot;3&quot;:{&quot;1&quot;:0},&quot;4&quot;:{&quot;1&quot;:2,&quot;2&quot;:13822754},&quot;12&quot;:0}\">Como un aporte especial para una fecha se\u00f1era que une a todos los artistas y a los amantes de la m\u00fasica y la poes\u00eda de nuestro continente bajo el querido nombre de Violeta Parra, Iberm\u00fasicas Argentina ha elegido a dos grandes artistas argentinas que trabajan sobre el legado de Violeta para que sean parte de los actos conmemorativos de los cien a\u00f1os de su natalicio.<\/span><\/p>\n","protected":false},"excerpt":{"rendered":"<p>Como un aporte especial para una fecha se\u00f1era que une a todos los artistas y a los amantes de la m\u00fasica y la poes\u00eda de nuestro continente bajo el querido nombre de Violeta Parra, Iberm\u00fasicas Argentina ha elegido a dos grandes artistas argentinas que trabajan sobre el legado de Violeta para que sean parte de [&hellip;]<\/p>\n","protected":false},"author":1,"featured_media":7006,"comment_status":"closed","ping_status":"closed","sticky":false,"template":"","format":"standard","meta":{"footnotes":""},"categories":[53],"tags":[],"class_list":["post-7004","post","type-post","status-publish","format-standard","has-post-thumbnail","hentry","category-noticias-generales"],"lang":"es","translations":{"es":7004},"pll_sync_post":[],"post_mailing_queue_ids":[],"_links":{"self":[{"href":"http:\/\/staging.ibermusicas.org\/index.php\/wp-json\/wp\/v2\/posts\/7004","targetHints":{"allow":["GET"]}}],"collection":[{"href":"http:\/\/staging.ibermusicas.org\/index.php\/wp-json\/wp\/v2\/posts"}],"about":[{"href":"http:\/\/staging.ibermusicas.org\/index.php\/wp-json\/wp\/v2\/types\/post"}],"author":[{"embeddable":true,"href":"http:\/\/staging.ibermusicas.org\/index.php\/wp-json\/wp\/v2\/users\/1"}],"replies":[{"embeddable":true,"href":"http:\/\/staging.ibermusicas.org\/index.php\/wp-json\/wp\/v2\/comments?post=7004"}],"version-history":[{"count":1,"href":"http:\/\/staging.ibermusicas.org\/index.php\/wp-json\/wp\/v2\/posts\/7004\/revisions"}],"predecessor-version":[{"id":7007,"href":"http:\/\/staging.ibermusicas.org\/index.php\/wp-json\/wp\/v2\/posts\/7004\/revisions\/7007"}],"wp:featuredmedia":[{"embeddable":true,"href":"http:\/\/staging.ibermusicas.org\/index.php\/wp-json\/wp\/v2\/media\/7006"}],"wp:attachment":[{"href":"http:\/\/staging.ibermusicas.org\/index.php\/wp-json\/wp\/v2\/media?parent=7004"}],"wp:term":[{"taxonomy":"category","embeddable":true,"href":"http:\/\/staging.ibermusicas.org\/index.php\/wp-json\/wp\/v2\/categories?post=7004"},{"taxonomy":"post_tag","embeddable":true,"href":"http:\/\/staging.ibermusicas.org\/index.php\/wp-json\/wp\/v2\/tags?post=7004"}],"curies":[{"name":"wp","href":"https:\/\/api.w.org\/{rel}","templated":true}]}}