{"id":7008,"date":"2017-08-22T11:18:59","date_gmt":"2017-08-22T11:18:59","guid":{"rendered":"http:\/\/staging.ibermusicas.org\/?p=7008"},"modified":"2021-06-14T11:19:26","modified_gmt":"2021-06-14T11:19:26","slug":"el-compositor-colombiano-tomas-diaz-villegas-estrenara-su-obra-epitafios-compuesta-en-el-marco-de-su-residencia-creativa-ibermusicas","status":"publish","type":"post","link":"http:\/\/staging.ibermusicas.org\/index.php\/el-compositor-colombiano-tomas-diaz-villegas-estrenara-su-obra-epitafios-compuesta-en-el-marco-de-su-residencia-creativa-ibermusicas\/","title":{"rendered":"El compositor colombiano Tom\u00e1s D\u00edaz Villegas estrenar\u00e1 su obra Epitafios, compuesta en el marco de su Residencia Creativa Iberm\u00fasicas"},"content":{"rendered":"<p><span data-sheets-value=\"{&quot;1&quot;:2,&quot;2&quot;:&quot;En el marco del Festival Internacional de M\u00fasica CiMa, se realizar\u00e1 en la ciudad de Manizales, Colombia, el estreno de Epitafios, obra compuesta por Tom\u00e1s D\u00edaz Villegas durante el primer semestre de 2017 en la Ciudad de M\u00e9xico. &quot;}\" data-sheets-userformat=\"{&quot;2&quot;:513,&quot;3&quot;:{&quot;1&quot;:0},&quot;12&quot;:0}\">En el marco del Festival Internacional de M\u00fasica CiMa, se realizar\u00e1 en la ciudad de Manizales, Colombia, el estreno de Epitafios, obra compuesta por Tom\u00e1s D\u00edaz Villegas durante el primer semestre de 2017 en la Ciudad de M\u00e9xico. <\/span><\/p>\n","protected":false},"excerpt":{"rendered":"<p>En el marco del Festival Internacional de M\u00fasica CiMa, se realizar\u00e1 en la ciudad de Manizales, Colombia, el estreno de Epitafios, obra compuesta por Tom\u00e1s D\u00edaz Villegas durante el primer semestre de 2017 en la Ciudad de M\u00e9xico.<\/p>\n","protected":false},"author":1,"featured_media":0,"comment_status":"closed","ping_status":"closed","sticky":false,"template":"","format":"standard","meta":{"footnotes":""},"categories":[53,1],"tags":[],"class_list":["post-7008","post","type-post","status-publish","format-standard","hentry","category-noticias-generales","category-uncategorized"],"lang":"es","translations":{"es":7008},"pll_sync_post":[],"post_mailing_queue_ids":[],"_links":{"self":[{"href":"http:\/\/staging.ibermusicas.org\/index.php\/wp-json\/wp\/v2\/posts\/7008","targetHints":{"allow":["GET"]}}],"collection":[{"href":"http:\/\/staging.ibermusicas.org\/index.php\/wp-json\/wp\/v2\/posts"}],"about":[{"href":"http:\/\/staging.ibermusicas.org\/index.php\/wp-json\/wp\/v2\/types\/post"}],"author":[{"embeddable":true,"href":"http:\/\/staging.ibermusicas.org\/index.php\/wp-json\/wp\/v2\/users\/1"}],"replies":[{"embeddable":true,"href":"http:\/\/staging.ibermusicas.org\/index.php\/wp-json\/wp\/v2\/comments?post=7008"}],"version-history":[{"count":1,"href":"http:\/\/staging.ibermusicas.org\/index.php\/wp-json\/wp\/v2\/posts\/7008\/revisions"}],"predecessor-version":[{"id":7010,"href":"http:\/\/staging.ibermusicas.org\/index.php\/wp-json\/wp\/v2\/posts\/7008\/revisions\/7010"}],"wp:attachment":[{"href":"http:\/\/staging.ibermusicas.org\/index.php\/wp-json\/wp\/v2\/media?parent=7008"}],"wp:term":[{"taxonomy":"category","embeddable":true,"href":"http:\/\/staging.ibermusicas.org\/index.php\/wp-json\/wp\/v2\/categories?post=7008"},{"taxonomy":"post_tag","embeddable":true,"href":"http:\/\/staging.ibermusicas.org\/index.php\/wp-json\/wp\/v2\/tags?post=7008"}],"curies":[{"name":"wp","href":"https:\/\/api.w.org\/{rel}","templated":true}]}}