{"id":7011,"date":"2017-09-10T11:23:51","date_gmt":"2017-09-10T11:23:51","guid":{"rendered":"http:\/\/staging.ibermusicas.org\/?p=7011"},"modified":"2021-06-14T11:25:04","modified_gmt":"2021-06-14T11:25:04","slug":"el-funk-mex-de-los-musicos-de-jose-llega-a-chile-como-parte-de-la-agenda-del-festival-thelonious","status":"publish","type":"post","link":"http:\/\/staging.ibermusicas.org\/index.php\/el-funk-mex-de-los-musicos-de-jose-llega-a-chile-como-parte-de-la-agenda-del-festival-thelonious\/","title":{"rendered":"El funk mex de Los m\u00fasicos de Jos\u00e9 llega a Chile como parte de la agenda del Festival Thelonious"},"content":{"rendered":"<p>Los M\u00fasicos de Jos\u00e9, son una banda de Coyoac\u00e1n, Ciudad de M\u00e9xico. Hacen una poderosa m\u00fasica instrumental basada en el funk y dirigida a los pies, las tripas y los dos hemisferios del cerebro.<\/p>\n","protected":false},"excerpt":{"rendered":"<p>Los M\u00fasicos de Jos\u00e9, son una banda de Coyoac\u00e1n, Ciudad de M\u00e9xico. Hacen una poderosa m\u00fasica instrumental basada en el funk y dirigida a los pies, las tripas y los dos hemisferios del cerebro.<\/p>\n","protected":false},"author":1,"featured_media":7012,"comment_status":"closed","ping_status":"closed","sticky":false,"template":"","format":"standard","meta":{"footnotes":""},"categories":[53],"tags":[],"class_list":["post-7011","post","type-post","status-publish","format-standard","has-post-thumbnail","hentry","category-noticias-generales"],"lang":"es","translations":{"es":7011},"pll_sync_post":[],"post_mailing_queue_ids":[],"_links":{"self":[{"href":"http:\/\/staging.ibermusicas.org\/index.php\/wp-json\/wp\/v2\/posts\/7011","targetHints":{"allow":["GET"]}}],"collection":[{"href":"http:\/\/staging.ibermusicas.org\/index.php\/wp-json\/wp\/v2\/posts"}],"about":[{"href":"http:\/\/staging.ibermusicas.org\/index.php\/wp-json\/wp\/v2\/types\/post"}],"author":[{"embeddable":true,"href":"http:\/\/staging.ibermusicas.org\/index.php\/wp-json\/wp\/v2\/users\/1"}],"replies":[{"embeddable":true,"href":"http:\/\/staging.ibermusicas.org\/index.php\/wp-json\/wp\/v2\/comments?post=7011"}],"version-history":[{"count":1,"href":"http:\/\/staging.ibermusicas.org\/index.php\/wp-json\/wp\/v2\/posts\/7011\/revisions"}],"predecessor-version":[{"id":7013,"href":"http:\/\/staging.ibermusicas.org\/index.php\/wp-json\/wp\/v2\/posts\/7011\/revisions\/7013"}],"wp:featuredmedia":[{"embeddable":true,"href":"http:\/\/staging.ibermusicas.org\/index.php\/wp-json\/wp\/v2\/media\/7012"}],"wp:attachment":[{"href":"http:\/\/staging.ibermusicas.org\/index.php\/wp-json\/wp\/v2\/media?parent=7011"}],"wp:term":[{"taxonomy":"category","embeddable":true,"href":"http:\/\/staging.ibermusicas.org\/index.php\/wp-json\/wp\/v2\/categories?post=7011"},{"taxonomy":"post_tag","embeddable":true,"href":"http:\/\/staging.ibermusicas.org\/index.php\/wp-json\/wp\/v2\/tags?post=7011"}],"curies":[{"name":"wp","href":"https:\/\/api.w.org\/{rel}","templated":true}]}}