{"id":7014,"date":"2017-09-10T11:25:26","date_gmt":"2017-09-10T11:25:26","guid":{"rendered":"http:\/\/staging.ibermusicas.org\/?p=7014"},"modified":"2021-06-14T11:28:31","modified_gmt":"2021-06-14T11:28:31","slug":"el-cuarteto-chroma-de-mexico-emprende-una-gira-de-conciertos-y-clases-maestras-por-distintas-ciudades-de-costa-rica","status":"publish","type":"post","link":"http:\/\/staging.ibermusicas.org\/index.php\/el-cuarteto-chroma-de-mexico-emprende-una-gira-de-conciertos-y-clases-maestras-por-distintas-ciudades-de-costa-rica\/","title":{"rendered":"El Cuarteto Chroma de M\u00e9xico emprende una gira de conciertos y clases maestras por distintas ciudades de Costa Rica"},"content":{"rendered":"<p><span data-sheets-value=\"{&quot;1&quot;:2,&quot;2&quot;:&quot;El Cuarteto Chroma se constituye en una propuesta art\u00edstica integral y comprometida con el arte actual. Tiene como objetivo alcanzar la calidad art\u00edstica a trav\u00e9s de la innovaci\u00f3n musical y la ense\u00f1anza de la m\u00fasica como lenguaje universal. &quot;}\" data-sheets-userformat=\"{&quot;2&quot;:513,&quot;3&quot;:{&quot;1&quot;:0},&quot;12&quot;:0}\">El Cuarteto Chroma se constituye en una propuesta art\u00edstica integral y comprometida con el arte actual. Tiene como objetivo alcanzar la calidad art\u00edstica a trav\u00e9s de la innovaci\u00f3n musical y la ense\u00f1anza de la m\u00fasica como lenguaje universal. <\/span><\/p>\n","protected":false},"excerpt":{"rendered":"<p>El Cuarteto Chroma se constituye en una propuesta art\u00edstica integral y comprometida con el arte actual. Tiene como objetivo alcanzar la calidad art\u00edstica a trav\u00e9s de la innovaci\u00f3n musical y la ense\u00f1anza de la m\u00fasica como lenguaje universal.<\/p>\n","protected":false},"author":1,"featured_media":7015,"comment_status":"closed","ping_status":"closed","sticky":false,"template":"","format":"standard","meta":{"footnotes":""},"categories":[53],"tags":[],"class_list":["post-7014","post","type-post","status-publish","format-standard","has-post-thumbnail","hentry","category-noticias-generales"],"lang":"es","translations":{"es":7014},"pll_sync_post":[],"post_mailing_queue_ids":[],"_links":{"self":[{"href":"http:\/\/staging.ibermusicas.org\/index.php\/wp-json\/wp\/v2\/posts\/7014","targetHints":{"allow":["GET"]}}],"collection":[{"href":"http:\/\/staging.ibermusicas.org\/index.php\/wp-json\/wp\/v2\/posts"}],"about":[{"href":"http:\/\/staging.ibermusicas.org\/index.php\/wp-json\/wp\/v2\/types\/post"}],"author":[{"embeddable":true,"href":"http:\/\/staging.ibermusicas.org\/index.php\/wp-json\/wp\/v2\/users\/1"}],"replies":[{"embeddable":true,"href":"http:\/\/staging.ibermusicas.org\/index.php\/wp-json\/wp\/v2\/comments?post=7014"}],"version-history":[{"count":2,"href":"http:\/\/staging.ibermusicas.org\/index.php\/wp-json\/wp\/v2\/posts\/7014\/revisions"}],"predecessor-version":[{"id":7017,"href":"http:\/\/staging.ibermusicas.org\/index.php\/wp-json\/wp\/v2\/posts\/7014\/revisions\/7017"}],"wp:featuredmedia":[{"embeddable":true,"href":"http:\/\/staging.ibermusicas.org\/index.php\/wp-json\/wp\/v2\/media\/7015"}],"wp:attachment":[{"href":"http:\/\/staging.ibermusicas.org\/index.php\/wp-json\/wp\/v2\/media?parent=7014"}],"wp:term":[{"taxonomy":"category","embeddable":true,"href":"http:\/\/staging.ibermusicas.org\/index.php\/wp-json\/wp\/v2\/categories?post=7014"},{"taxonomy":"post_tag","embeddable":true,"href":"http:\/\/staging.ibermusicas.org\/index.php\/wp-json\/wp\/v2\/tags?post=7014"}],"curies":[{"name":"wp","href":"https:\/\/api.w.org\/{rel}","templated":true}]}}