{"id":7024,"date":"2017-10-01T11:35:54","date_gmt":"2017-10-01T11:35:54","guid":{"rendered":"http:\/\/staging.ibermusicas.org\/?p=7024"},"modified":"2021-06-14T11:37:06","modified_gmt":"2021-06-14T11:37:06","slug":"el-guitarrista-argentino-ernesto-mendez-participara-de-la-semana-academica-de-la-universidad-federal-de-pelotas-brasil","status":"publish","type":"post","link":"http:\/\/staging.ibermusicas.org\/index.php\/el-guitarrista-argentino-ernesto-mendez-participara-de-la-semana-academica-de-la-universidad-federal-de-pelotas-brasil\/","title":{"rendered":"El guitarrista argentino Ernesto M\u00e9ndez participar\u00e1 de la Semana Acad\u00e9mica de la Universidad Federal de Pelotas, Brasil"},"content":{"rendered":"<p><span data-sheets-value=\"{&quot;1&quot;:2,&quot;2&quot;:&quot;Ernesto M\u00e9ndez es un guitarrista, compositor y docente nacido en Paran\u00e1, provincia de Entre R\u00edos, Argentina. Sus trabajos como solista \u2013 \u201cAlma guaran\u00ed\u201d de 1999, \u201cAlborada\u201d de 2005 y \u201cPueblero\u201d de 2011 lo revelan como uno de los compositores y arregladores m\u00e1s originales de las j\u00f3venes generaciones. &quot;}\" data-sheets-userformat=\"{&quot;2&quot;:513,&quot;3&quot;:{&quot;1&quot;:0},&quot;12&quot;:0}\">Ernesto M\u00e9ndez es un guitarrista, compositor y docente nacido en Paran\u00e1, provincia de Entre R\u00edos, Argentina. Sus trabajos como solista \u2013 \u201cAlma guaran\u00ed\u201d de 1999, \u201cAlborada\u201d de 2005 y \u201cPueblero\u201d de 2011 lo revelan como uno de los compositores y arregladores m\u00e1s originales de las j\u00f3venes generaciones. <\/span><\/p>\n","protected":false},"excerpt":{"rendered":"<p>Ernesto M\u00e9ndez es un guitarrista, compositor y docente nacido en Paran\u00e1, provincia de Entre R\u00edos, Argentina. Sus trabajos como solista \u2013 \u201cAlma guaran\u00ed\u201d de 1999, \u201cAlborada\u201d de 2005 y \u201cPueblero\u201d de 2011 lo revelan como uno de los compositores y arregladores m\u00e1s originales de las j\u00f3venes generaciones.<\/p>\n","protected":false},"author":1,"featured_media":7025,"comment_status":"closed","ping_status":"closed","sticky":false,"template":"","format":"standard","meta":{"footnotes":""},"categories":[53],"tags":[],"class_list":["post-7024","post","type-post","status-publish","format-standard","has-post-thumbnail","hentry","category-noticias-generales"],"lang":"es","translations":{"es":7024},"pll_sync_post":[],"post_mailing_queue_ids":[],"_links":{"self":[{"href":"http:\/\/staging.ibermusicas.org\/index.php\/wp-json\/wp\/v2\/posts\/7024","targetHints":{"allow":["GET"]}}],"collection":[{"href":"http:\/\/staging.ibermusicas.org\/index.php\/wp-json\/wp\/v2\/posts"}],"about":[{"href":"http:\/\/staging.ibermusicas.org\/index.php\/wp-json\/wp\/v2\/types\/post"}],"author":[{"embeddable":true,"href":"http:\/\/staging.ibermusicas.org\/index.php\/wp-json\/wp\/v2\/users\/1"}],"replies":[{"embeddable":true,"href":"http:\/\/staging.ibermusicas.org\/index.php\/wp-json\/wp\/v2\/comments?post=7024"}],"version-history":[{"count":1,"href":"http:\/\/staging.ibermusicas.org\/index.php\/wp-json\/wp\/v2\/posts\/7024\/revisions"}],"predecessor-version":[{"id":7026,"href":"http:\/\/staging.ibermusicas.org\/index.php\/wp-json\/wp\/v2\/posts\/7024\/revisions\/7026"}],"wp:featuredmedia":[{"embeddable":true,"href":"http:\/\/staging.ibermusicas.org\/index.php\/wp-json\/wp\/v2\/media\/7025"}],"wp:attachment":[{"href":"http:\/\/staging.ibermusicas.org\/index.php\/wp-json\/wp\/v2\/media?parent=7024"}],"wp:term":[{"taxonomy":"category","embeddable":true,"href":"http:\/\/staging.ibermusicas.org\/index.php\/wp-json\/wp\/v2\/categories?post=7024"},{"taxonomy":"post_tag","embeddable":true,"href":"http:\/\/staging.ibermusicas.org\/index.php\/wp-json\/wp\/v2\/tags?post=7024"}],"curies":[{"name":"wp","href":"https:\/\/api.w.org\/{rel}","templated":true}]}}