{"id":7034,"date":"2017-07-29T11:42:28","date_gmt":"2017-07-29T11:42:28","guid":{"rendered":"http:\/\/staging.ibermusicas.org\/?p=7034"},"modified":"2021-06-14T11:43:47","modified_gmt":"2021-06-14T11:43:47","slug":"el-cantautor-panameno-javier-medina-bernal-inicia-su-residencia-corredor-sonoro-laboratorio-de-canciones-en-argentina","status":"publish","type":"post","link":"http:\/\/staging.ibermusicas.org\/index.php\/el-cantautor-panameno-javier-medina-bernal-inicia-su-residencia-corredor-sonoro-laboratorio-de-canciones-en-argentina\/","title":{"rendered":"El cantautor Paname\u00f1o Javier Medina Bernal inicia su residencia Corredor Sonoro &#8211; Laboratorio de Canciones en Argentina"},"content":{"rendered":"<p><span data-sheets-value=\"{&quot;1&quot;:2,&quot;2&quot;:&quot;Corredor Sonoro es un corredor de circulaci\u00f3n que busca conectar a cantautores de Panam\u00e1 y Argentina con el objetivo de enlazar las m\u00fasicas del sur del continente con las de Centro Am\u00e9rica en un ida y vuelta. &quot;}\" data-sheets-userformat=\"{&quot;2&quot;:513,&quot;3&quot;:{&quot;1&quot;:0},&quot;12&quot;:0}\">Corredor Sonoro es un corredor de circulaci\u00f3n que busca conectar a cantautores de Panam\u00e1 y Argentina con el objetivo de enlazar las m\u00fasicas del sur del continente con las de Centro Am\u00e9rica en un ida y vuelta. <\/span><\/p>\n","protected":false},"excerpt":{"rendered":"<p>Corredor Sonoro es un corredor de circulaci\u00f3n que busca conectar a cantautores de Panam\u00e1 y Argentina con el objetivo de enlazar las m\u00fasicas del sur del continente con las de Centro Am\u00e9rica en un ida y vuelta.<\/p>\n","protected":false},"author":1,"featured_media":7035,"comment_status":"closed","ping_status":"closed","sticky":false,"template":"","format":"standard","meta":{"footnotes":""},"categories":[53],"tags":[],"class_list":["post-7034","post","type-post","status-publish","format-standard","has-post-thumbnail","hentry","category-noticias-generales"],"lang":"es","translations":{"es":7034},"pll_sync_post":[],"post_mailing_queue_ids":[],"_links":{"self":[{"href":"http:\/\/staging.ibermusicas.org\/index.php\/wp-json\/wp\/v2\/posts\/7034","targetHints":{"allow":["GET"]}}],"collection":[{"href":"http:\/\/staging.ibermusicas.org\/index.php\/wp-json\/wp\/v2\/posts"}],"about":[{"href":"http:\/\/staging.ibermusicas.org\/index.php\/wp-json\/wp\/v2\/types\/post"}],"author":[{"embeddable":true,"href":"http:\/\/staging.ibermusicas.org\/index.php\/wp-json\/wp\/v2\/users\/1"}],"replies":[{"embeddable":true,"href":"http:\/\/staging.ibermusicas.org\/index.php\/wp-json\/wp\/v2\/comments?post=7034"}],"version-history":[{"count":2,"href":"http:\/\/staging.ibermusicas.org\/index.php\/wp-json\/wp\/v2\/posts\/7034\/revisions"}],"predecessor-version":[{"id":7037,"href":"http:\/\/staging.ibermusicas.org\/index.php\/wp-json\/wp\/v2\/posts\/7034\/revisions\/7037"}],"wp:featuredmedia":[{"embeddable":true,"href":"http:\/\/staging.ibermusicas.org\/index.php\/wp-json\/wp\/v2\/media\/7035"}],"wp:attachment":[{"href":"http:\/\/staging.ibermusicas.org\/index.php\/wp-json\/wp\/v2\/media?parent=7034"}],"wp:term":[{"taxonomy":"category","embeddable":true,"href":"http:\/\/staging.ibermusicas.org\/index.php\/wp-json\/wp\/v2\/categories?post=7034"},{"taxonomy":"post_tag","embeddable":true,"href":"http:\/\/staging.ibermusicas.org\/index.php\/wp-json\/wp\/v2\/tags?post=7034"}],"curies":[{"name":"wp","href":"https:\/\/api.w.org\/{rel}","templated":true}]}}